{"id":8820,"date":"2026-09-04T19:32:25","date_gmt":"2026-09-04T19:32:25","guid":{"rendered":"https:\/\/www.wgir.de\/?p=8820"},"modified":"2026-09-05T19:47:03","modified_gmt":"2026-09-05T19:47:03","slug":"buergerbeteiligung-und-transparenz-nur-behauptet-oder-gelebt","status":"publish","type":"post","link":"https:\/\/www.wgir.de\/?p=8820","title":{"rendered":"B\u00fcrgerbeteiligung und Transparenz &#8211; nur behauptet oder gelebt?"},"content":{"rendered":"<h6 style=\"text-align: justify;\"><b>Bad Lauterberg. B\u00fcrgerbeteiligung wurde gelebt. Gerade bei wichtigen Zukunftsfragen wurde Transparenz und Mitsprache gest\u00e4rkt. Entscheidungen sollen nachvollziehbar und im Dialog mit den B\u00fcrgern getroffen werden &#8211; so jedenfalls behauptet es die CDU und der B\u00fcrgermeister!<\/b><\/h6>\n<h6 style=\"text-align: justify;\"><b><i>An dieser Stelle muss allerdings auf die tats\u00e4chliche Praxis hingewiesen werden<\/i><\/b>! Die\u00a0<b>W\u00e4hlergruppe im Rat (WgiR)<\/b>\u00a0hat bereits z.B. mehrfach auf das<b>\u00a0lockere Pflaster<\/b> im Bereich der Hauptstra\u00dfe zwischen\u00a0 <strong>R<\/strong><b>itscherstr.<\/b> und <b>Brauhardtgasse<\/b>\u00a0hingewiesen. Die mehrfache\u00a0<b>WgiR-Anfrage<\/b>, warum das Pflaster nach so kurzer und nur m\u00e4\u00dfiger Belastungsdauer schon klappert, wurde nicht beantwortet. Auch die Frage nach der Verantwortung bzw. Gew\u00e4hrleistung blieb offen.<\/h6>\n<h6 style=\"text-align: justify;\">Angemerkt werden muss hier, dass diese <b>Stra\u00dfenbauma\u00dfnahme\u00a0<\/b>an den schadhaften Stellen in Verbindung mit einem\u00a0 <b>st\u00e4dtebaulichen Vertrag<\/b>\u00a0zwischen der\u00a0<b>Stadt<\/b>\u00a0und einem\u00a0<b>Einzelh\u00e4ndler<\/b> beauftragt und vergeben wurde.\u00a0 Um zumindest zu erfahren, wer letztlich die Bauma\u00dfnahmen abgenommen und die Stra\u00dfe wieder f\u00fcr den \u00f6ffentlichen Verkehr freigegeben hat, <b><i>beantragte die WgiR die Akten einzusehen<\/i><\/b>. Bei dem Termin im Rathaus wurde dann lediglich ein Vertrag aus dem\u00a0<b>Jahr 2017<\/b>, eine\u00a0<b>Beschlussvorlage<\/b>\u00a0dazu und ein Auszug aus dem<b>\u00a0Ratsprotokoll<\/b>\u00a0vorgelegt.<\/h6>\n<h6 style=\"text-align: justify;\">Obacht &#8211; ein Vertrag !! <b><i>Zu der Bauma\u00dfnahme aus dem Jahr 2014 wurden KEINE Unterlagen vorgelegt.<\/i><\/b> Die Nachfrage, ob das alles sei und ob es nicht eine richtige Akte mit Berichten, Gespr\u00e4chsnotizen, Genehmigungen o.\u00e4. g\u00e4be, wurde\u00a0 <strong>VE<\/strong><b>RNEINT<\/b>.\u00a0 <u>Auf einen weiteren Antrag auf Einsichtnahme der Unterlagen aus 2014 wurde nicht einmal mehr geantwortet.<\/u><\/h6>\n<div id=\"sdgSlotHull-banner2\" class=\"sdgSlotHull sdgStrictSlot sdgResponded\">\n<h6 id=\"sdg_banner2_anz\" class=\"sdgAnzeigenkennung sdgAdLabelHorizontal\" data-adlabel=\"Anzeige\">Auch Ratsmitglieder sind B\u00fcrger und sie haben sogar noch mehr Rechte auf Beteiligung!! Aber ein<b>\u00a0echtes Interesse an Transparenz<\/b>\u00a0scheint weder bei der\u00a0<b>Verwaltung<\/b>, noch beim\u00a0<b>B\u00fcrgermeister Rolf Lange<\/b> vorhanden zu sein. Statt sich darum zu k\u00fcmmern, dass das klappernde Pflaster von der verantwortlichen Firma nachgebessert wird, kommt der B\u00fcrgermeister mit ganz anderen Ideen f\u00fcr die Hauptstra\u00dfe.<\/h6>\n<\/div>\n<h6 style=\"text-align: justify;\">\u00dcber das Thema Hauptstra\u00dfensanierung hat unserer\u00a0<b>B\u00fcrgermeister zuallererst mit einem Einzelh\u00e4ndler<\/b>\u00a0sehr ausf\u00fchrlich und \u00fcber eine neue\u00a0<b>Gestaltung der Hauptstra\u00dfe<\/b>\u00a0gesprochen. Dann erst hat er den Rat \u00fcber neue Vorstellungen informiert. Es begann damit, dass die Harz Energie und der Abwasserverband Anschluss- und Sanierungsarbeiten an den Versorgungsleitungen in der Hauptstra\u00dfe durchf\u00fchren m\u00fcssen. Sie d\u00fcrfen beide auch gleich in einer Ratssitzung best\u00e4tigen, dass diese Arbeiten n\u00f6tig seien. Bereits 2028 sollen die Arbeiten beginnen und der Rat kann ja schon einmal \u00fcberlegen, ob die Stra\u00dfenoberfl\u00e4che und die Stra\u00dfenf\u00fchrung neu gestaltet werden sollen.<\/h6>\n<h6 style=\"text-align: justify;\">So weit \u2013 so gut. Doch eigentlich m\u00fcssen die <b>Versorger<\/b>\u00a0nach ihren Arbeiten die\u00a0<b>Stra\u00dfenoberfl\u00e4che wieder so herstellen<\/b>, wie sie zuvor war. Aber scheinbar laufen da schon andere Planungen und damit verbunden auch \u00fcber eine\u00a0<b>neue Stra\u00dfenoberfl\u00e4che<\/b>, die dann aber\u00a0<b>zu Lasten der Steuerzahle<\/b>r\u00a0gehen wird.\u00a0Auch neue Stra\u00dfenlaternen und Fl\u00e4chen f\u00fcr Au\u00dfengastronomie\u00a0wurden\u00a0schon angesprochen.<\/h6>\n<h6 style=\"text-align: justify;\">Der Satz \u2013\u00a0<b>Ich habe mich schon um F\u00f6rdermittel bem\u00fcht!<\/b>\u00a0&#8211; Dieser Satz wurde leider\u00a0<b>nicht<\/b>\u00a0ausgesprochen. Nicht ausgesprochen, obwohl es gerade f\u00fcr\u00a0<b>Innenstadtgestaltung von Kurorten<\/b>\u00a0F\u00f6rderm\u00f6glichkeiten gibt.<\/h6>\n<h6>Wo ist die\u00a0<b>Beteiligung<\/b>\u00a0\u2013 wo die\u00a0<b>Transparenz??<\/b>\u00a0Und was ist von einem B\u00fcrgermeister zu halten, der das entscheidende Gremium der Stadt erst informiert, nachdem er mit Anderen bereits \u00fcber Details gesprochen hat.\u00a0<b><i>Wer gibt hier in Bad Lauterberg dem B\u00fcrgermeister die Auftr\u00e4ge? Tut es der Rat oder ein Gewerbetreibender? Stehen hier die Interessen aller Einwohner oder nur Einzelner im Fokus des B\u00fcrgermeisters??<\/i><\/b><\/h6>\n","protected":false},"excerpt":{"rendered":"<p>Bad Lauterberg. B\u00fcrgerbeteiligung wurde gelebt. Gerade bei wichtigen Zukunftsfragen wurde Transparenz und Mitsprache gest\u00e4rkt. Entscheidungen sollen nachvollziehbar und im Dialog<\/p>\n","protected":false},"author":13,"featured_media":8821,"comment_status":"closed","ping_status":"closed","sticky":false,"template":"","format":"standard","meta":{"colormag_page_container_layout":"default_layout","colormag_page_sidebar_layout":"default_layout","footnotes":""},"categories":[146,30],"tags":[],"class_list":["post-8820","post","type-post","status-publish","format-standard","has-post-thumbnail","hentry","category-bad-lauterberg","category-news"],"magazineBlocksPostFeaturedMedia":{"thumbnail":"https:\/\/i0.wp.com\/www.wgir.de\/wp-content\/uploads\/2026\/09\/2026_09_04.jpg?resize=150%2C150&ssl=1","medium":"https:\/\/i0.wp.com\/www.wgir.de\/wp-content\/uploads\/2026\/09\/2026_09_04.jpg?fit=310%2C207&ssl=1","medium_large":"https:\/\/i0.wp.com\/www.wgir.de\/wp-content\/uploads\/2026\/09\/2026_09_04.jpg?fit=768%2C512&ssl=1","large":"https:\/\/i0.wp.com\/www.wgir.de\/wp-content\/uploads\/2026\/09\/2026_09_04.jpg?fit=800%2C534&ssl=1","1536x1536":"https:\/\/i0.wp.com\/www.wgir.de\/wp-content\/uploads\/2026\/09\/2026_09_04.jpg?fit=1200%2C800&ssl=1","2048x2048":"https:\/\/i0.wp.com\/www.wgir.de\/wp-content\/uploads\/2026\/09\/2026_09_04.jpg?fit=1200%2C800&ssl=1","colormag-highlighted-post":"https:\/\/i0.wp.com\/www.wgir.de\/wp-content\/uploads\/2026\/09\/2026_09_04.jpg?resize=392%2C272&ssl=1","colormag-featured-post-medium":"https:\/\/i0.wp.com\/www.wgir.de\/wp-content\/uploads\/2026\/09\/2026_09_04.jpg?resize=390%2C205&ssl=1","colormag-featured-post-small":"https:\/\/i0.wp.com\/www.wgir.de\/wp-content\/uploads\/2026\/09\/2026_09_04.jpg?resize=130%2C90&ssl=1","colormag-featured-image":"https:\/\/i0.wp.com\/www.wgir.de\/wp-content\/uploads\/2026\/09\/2026_09_04.jpg?resize=800%2C445&ssl=1","colormag-default-news":"https:\/\/i0.wp.com\/www.wgir.de\/wp-content\/uploads\/2026\/09\/2026_09_04.jpg?resize=150%2C150&ssl=1","colormag-featured-image-large":"https:\/\/i0.wp.com\/www.wgir.de\/wp-content\/uploads\/2026\/09\/2026_09_04.jpg?resize=1200%2C600&ssl=1","colormag-elementor-block-extra-large-thumbnail":"https:\/\/i0.wp.com\/www.wgir.de\/wp-content\/uploads\/2026\/09\/2026_09_04.jpg?resize=1155%2C480&ssl=1","colormag-elementor-grid-large-thumbnail":"https:\/\/i0.wp.com\/www.wgir.de\/wp-content\/uploads\/2026\/09\/2026_09_04.jpg?resize=600%2C417&ssl=1","colormag-elementor-grid-small-thumbnail":"https:\/\/i0.wp.com\/www.wgir.de\/wp-content\/uploads\/2026\/09\/2026_09_04.jpg?resize=285%2C450&ssl=1","colormag-elementor-grid-medium-large-thumbnail":"https:\/\/i0.wp.com\/www.wgir.de\/wp-content\/uploads\/2026\/09\/2026_09_04.jpg?resize=575%2C198&ssl=1"},"magazineBlocksPostAuthor":{"name":"Bernd Jackisch","avatar":"https:\/\/secure.gravatar.com\/avatar\/39fd8a70350c275e00408d246f8f53c72f82cbc907d87f31f636c144497b6b08?s=96&d=mm&r=g"},"magazineBlocksPostCommentsNumber":false,"magazineBlocksPostExcerpt":"Bad Lauterberg. B\u00fcrgerbeteiligung wurde gelebt. Gerade bei wichtigen Zukunftsfragen wurde Transparenz und Mitsprache gest\u00e4rkt. Entscheidungen sollen nachvollziehbar und im Dialog","magazineBlocksPostCategories":["Bad Lauterberg","Neu"],"magazineBlocksPostViewCount":14,"magazineBlocksPostReadTime":3,"magazine_blocks_featured_image_url":{"full":["https:\/\/i0.wp.com\/www.wgir.de\/wp-content\/uploads\/2026\/09\/2026_09_04.jpg?fit=1200%2C800&ssl=1",1200,800,false],"medium":["https:\/\/i0.wp.com\/www.wgir.de\/wp-content\/uploads\/2026\/09\/2026_09_04.jpg?fit=310%2C207&ssl=1",310,207,true],"thumbnail":["https:\/\/i0.wp.com\/www.wgir.de\/wp-content\/uploads\/2026\/09\/2026_09_04.jpg?resize=150%2C150&ssl=1",150,150,true]},"magazine_blocks_author":{"display_name":"Bernd Jackisch","author_link":"https:\/\/www.wgir.de\/?author=13"},"magazine_blocks_comment":0,"magazine_blocks_author_image":"https:\/\/secure.gravatar.com\/avatar\/39fd8a70350c275e00408d246f8f53c72f82cbc907d87f31f636c144497b6b08?s=96&d=mm&r=g","magazine_blocks_category":"<a href=\"#\" class=\"category-link category-link-146\">Bad Lauterberg<\/a> <a href=\"#\" class=\"category-link category-link-30\">Neu<\/a>","videoUrl":"","_links":{"self":[{"href":"https:\/\/www.wgir.de\/index.php?rest_route=\/wp\/v2\/posts\/8820","targetHints":{"allow":["GET"]}}],"collection":[{"href":"https:\/\/www.wgir.de\/index.php?rest_route=\/wp\/v2\/posts"}],"about":[{"href":"https:\/\/www.wgir.de\/index.php?rest_route=\/wp\/v2\/types\/post"}],"author":[{"embeddable":true,"href":"https:\/\/www.wgir.de\/index.php?rest_route=\/wp\/v2\/users\/13"}],"replies":[{"embeddable":true,"href":"https:\/\/www.wgir.de\/index.php?rest_route=%2Fwp%2Fv2%2Fcomments&post=8820"}],"version-history":[{"count":5,"href":"https:\/\/www.wgir.de\/index.php?rest_route=\/wp\/v2\/posts\/8820\/revisions"}],"predecessor-version":[{"id":8833,"href":"https:\/\/www.wgir.de\/index.php?rest_route=\/wp\/v2\/posts\/8820\/revisions\/8833"}],"wp:featuredmedia":[{"embeddable":true,"href":"https:\/\/www.wgir.de\/index.php?rest_route=\/wp\/v2\/media\/8821"}],"wp:attachment":[{"href":"https:\/\/www.wgir.de\/index.php?rest_route=%2Fwp%2Fv2%2Fmedia&parent=8820"}],"wp:term":[{"taxonomy":"category","embeddable":true,"href":"https:\/\/www.wgir.de\/index.php?rest_route=%2Fwp%2Fv2%2Fcategories&post=8820"},{"taxonomy":"post_tag","embeddable":true,"href":"https:\/\/www.wgir.de\/index.php?rest_route=%2Fwp%2Fv2%2Ftags&post=8820"}],"curies":[{"name":"wp","href":"https:\/\/api.w.org\/{rel}","templated":true}]}}