{"id":8804,"date":"2026-09-04T04:33:37","date_gmt":"2026-09-04T04:33:37","guid":{"rendered":"https:\/\/www.wgir.de\/?p=8804"},"modified":"2026-09-04T09:38:23","modified_gmt":"2026-09-04T09:38:23","slug":"wahlinformationen-in-gemuetlicher-runde-bei-live-musik","status":"publish","type":"post","link":"https:\/\/www.wgir.de\/?p=8804","title":{"rendered":"Wahlinformationen in gem\u00fctlicher Runde bei Live-Musik"},"content":{"rendered":"<h6 style=\"text-align: justify;\">Bad Lauterberg. Am Samstag, 5.9., zwischen 10 und 13 Uhr, hat die W\u00e4hlergruppe im Rat (WgiR) ihren Stand in der Fu\u00dfg\u00e4ngerzone zwischen der \u201eJanssen Apotheke und dem Balkan Grill bei MIRO\u201c aufgebaut, bei dem bis zu sechs Hobbymusiker mit Folk und Classic-Rock die Besucher des Boulevard unterhalten. Bei kostenlosen Kaffee und selbstgebackenen Kuchen, Luftballons f\u00fcr die Kinder, werden sich die B\u00fcrgermeisterkandidatin und die zahlreichen Kandidaten des Stadtrates und der Ortsteile vorstellen und f\u00fcr Gespr\u00e4che zur Verf\u00fcgung stehen.<\/h6>\n<h6 style=\"text-align: justify;\">Ebenfalls am Samstag, 5.9. zwischen 18 und 21 Uhr, l\u00e4dt die W\u00e4hlergruppe ins Bistro \u201eCheck-Point-Aue\u201c, Drahth\u00fcttenweg 2 ein und bietet Livemusik mit den Hobbymusikern von \u201eBlack &amp; Judge With Friends\u201c. Eintritt frei! Bei der Wahl-Informationsveranstaltung stehen die B\u00fcrgermeisterkandidatin und Kandidaten des Stadtrates und der Ortsr\u00e4te in gem\u00fctlicher Runde f\u00fcr Gespr\u00e4che und Informationen zur Verf\u00fcgung.<\/h6>\n<p><a href=\"https:\/\/i0.wp.com\/www.wgir.de\/wp-content\/uploads\/2026\/09\/2026_09_03-Wahlveranstaltungen.jpg?ssl=1\"><img data-recalc-dims=\"1\" fetchpriority=\"high\" decoding=\"async\" class=\"wp-image-8802 aligncenter\" src=\"https:\/\/i0.wp.com\/www.wgir.de\/wp-content\/uploads\/2026\/09\/2026_09_03-Wahlveranstaltungen.jpg?resize=483%2C725&#038;ssl=1\" alt=\"\" width=\"483\" height=\"725\" srcset=\"https:\/\/i0.wp.com\/www.wgir.de\/wp-content\/uploads\/2026\/09\/2026_09_03-Wahlveranstaltungen.jpg?resize=210%2C315&amp;ssl=1 210w, https:\/\/i0.wp.com\/www.wgir.de\/wp-content\/uploads\/2026\/09\/2026_09_03-Wahlveranstaltungen.jpg?resize=633%2C950&amp;ssl=1 633w, https:\/\/i0.wp.com\/www.wgir.de\/wp-content\/uploads\/2026\/09\/2026_09_03-Wahlveranstaltungen.jpg?resize=768%2C1152&amp;ssl=1 768w, https:\/\/i0.wp.com\/www.wgir.de\/wp-content\/uploads\/2026\/09\/2026_09_03-Wahlveranstaltungen.jpg?w=1024&amp;ssl=1 1024w\" sizes=\"(max-width: 483px) 100vw, 483px\" \/><\/a><\/p>\n","protected":false},"excerpt":{"rendered":"<p>Bad Lauterberg. Am Samstag, 5.9., zwischen 10 und 13 Uhr, hat die W\u00e4hlergruppe im Rat (WgiR) ihren Stand in der<\/p>\n","protected":false},"author":1,"featured_media":8806,"comment_status":"closed","ping_status":"closed","sticky":false,"template":"","format":"standard","meta":{"colormag_page_container_layout":"default_layout","colormag_page_sidebar_layout":"default_layout","footnotes":""},"categories":[30],"tags":[],"class_list":["post-8804","post","type-post","status-publish","format-standard","has-post-thumbnail","hentry","category-news"],"magazineBlocksPostFeaturedMedia":{"thumbnail":"https:\/\/i0.wp.com\/www.wgir.de\/wp-content\/uploads\/2026\/09\/2026_09_03-Wahlveranstaltungen_01.jpg?resize=150%2C150&ssl=1","medium":"https:\/\/i0.wp.com\/www.wgir.de\/wp-content\/uploads\/2026\/09\/2026_09_03-Wahlveranstaltungen_01.jpg?fit=310%2C182&ssl=1","medium_large":"https:\/\/i0.wp.com\/www.wgir.de\/wp-content\/uploads\/2026\/09\/2026_09_03-Wahlveranstaltungen_01.jpg?fit=768%2C451&ssl=1","large":"https:\/\/i0.wp.com\/www.wgir.de\/wp-content\/uploads\/2026\/09\/2026_09_03-Wahlveranstaltungen_01.jpg?fit=800%2C469&ssl=1","1536x1536":"https:\/\/i0.wp.com\/www.wgir.de\/wp-content\/uploads\/2026\/09\/2026_09_03-Wahlveranstaltungen_01.jpg?fit=1000%2C587&ssl=1","2048x2048":"https:\/\/i0.wp.com\/www.wgir.de\/wp-content\/uploads\/2026\/09\/2026_09_03-Wahlveranstaltungen_01.jpg?fit=1000%2C587&ssl=1","colormag-highlighted-post":"https:\/\/i0.wp.com\/www.wgir.de\/wp-content\/uploads\/2026\/09\/2026_09_03-Wahlveranstaltungen_01.jpg?resize=392%2C272&ssl=1","colormag-featured-post-medium":"https:\/\/i0.wp.com\/www.wgir.de\/wp-content\/uploads\/2026\/09\/2026_09_03-Wahlveranstaltungen_01.jpg?resize=390%2C205&ssl=1","colormag-featured-post-small":"https:\/\/i0.wp.com\/www.wgir.de\/wp-content\/uploads\/2026\/09\/2026_09_03-Wahlveranstaltungen_01.jpg?resize=130%2C90&ssl=1","colormag-featured-image":"https:\/\/i0.wp.com\/www.wgir.de\/wp-content\/uploads\/2026\/09\/2026_09_03-Wahlveranstaltungen_01.jpg?resize=800%2C445&ssl=1","colormag-default-news":"https:\/\/i0.wp.com\/www.wgir.de\/wp-content\/uploads\/2026\/09\/2026_09_03-Wahlveranstaltungen_01.jpg?resize=150%2C150&ssl=1","colormag-featured-image-large":"https:\/\/i0.wp.com\/www.wgir.de\/wp-content\/uploads\/2026\/09\/2026_09_03-Wahlveranstaltungen_01.jpg?resize=1000%2C587&ssl=1","colormag-elementor-block-extra-large-thumbnail":"https:\/\/i0.wp.com\/www.wgir.de\/wp-content\/uploads\/2026\/09\/2026_09_03-Wahlveranstaltungen_01.jpg?resize=1000%2C480&ssl=1","colormag-elementor-grid-large-thumbnail":"https:\/\/i0.wp.com\/www.wgir.de\/wp-content\/uploads\/2026\/09\/2026_09_03-Wahlveranstaltungen_01.jpg?resize=600%2C417&ssl=1","colormag-elementor-grid-small-thumbnail":"https:\/\/i0.wp.com\/www.wgir.de\/wp-content\/uploads\/2026\/09\/2026_09_03-Wahlveranstaltungen_01.jpg?resize=285%2C450&ssl=1","colormag-elementor-grid-medium-large-thumbnail":"https:\/\/i0.wp.com\/www.wgir.de\/wp-content\/uploads\/2026\/09\/2026_09_03-Wahlveranstaltungen_01.jpg?resize=575%2C198&ssl=1"},"magazineBlocksPostAuthor":{"name":"Homepage webmaster","avatar":"https:\/\/secure.gravatar.com\/avatar\/6f96ca7c0487a8f61b8f75f39df16ab2d64a4669b827b479e37fe76a80a4c6d8?s=96&d=mm&r=g"},"magazineBlocksPostCommentsNumber":false,"magazineBlocksPostExcerpt":"Bad Lauterberg. Am Samstag, 5.9., zwischen 10 und 13 Uhr, hat die W\u00e4hlergruppe im Rat (WgiR) ihren Stand in der","magazineBlocksPostCategories":["Neu"],"magazineBlocksPostViewCount":20,"magazineBlocksPostReadTime":1,"magazine_blocks_featured_image_url":{"full":["https:\/\/i0.wp.com\/www.wgir.de\/wp-content\/uploads\/2026\/09\/2026_09_03-Wahlveranstaltungen_01.jpg?fit=1000%2C587&ssl=1",1000,587,false],"medium":["https:\/\/i0.wp.com\/www.wgir.de\/wp-content\/uploads\/2026\/09\/2026_09_03-Wahlveranstaltungen_01.jpg?fit=310%2C182&ssl=1",310,182,true],"thumbnail":["https:\/\/i0.wp.com\/www.wgir.de\/wp-content\/uploads\/2026\/09\/2026_09_03-Wahlveranstaltungen_01.jpg?resize=150%2C150&ssl=1",150,150,true]},"magazine_blocks_author":{"display_name":"Homepage webmaster","author_link":"https:\/\/www.wgir.de\/?author=1"},"magazine_blocks_comment":0,"magazine_blocks_author_image":"https:\/\/secure.gravatar.com\/avatar\/6f96ca7c0487a8f61b8f75f39df16ab2d64a4669b827b479e37fe76a80a4c6d8?s=96&d=mm&r=g","magazine_blocks_category":"<a href=\"#\" class=\"category-link category-link-30\">Neu<\/a>","videoUrl":"","_links":{"self":[{"href":"https:\/\/www.wgir.de\/index.php?rest_route=\/wp\/v2\/posts\/8804","targetHints":{"allow":["GET"]}}],"collection":[{"href":"https:\/\/www.wgir.de\/index.php?rest_route=\/wp\/v2\/posts"}],"about":[{"href":"https:\/\/www.wgir.de\/index.php?rest_route=\/wp\/v2\/types\/post"}],"author":[{"embeddable":true,"href":"https:\/\/www.wgir.de\/index.php?rest_route=\/wp\/v2\/users\/1"}],"replies":[{"embeddable":true,"href":"https:\/\/www.wgir.de\/index.php?rest_route=%2Fwp%2Fv2%2Fcomments&post=8804"}],"version-history":[{"count":4,"href":"https:\/\/www.wgir.de\/index.php?rest_route=\/wp\/v2\/posts\/8804\/revisions"}],"predecessor-version":[{"id":8810,"href":"https:\/\/www.wgir.de\/index.php?rest_route=\/wp\/v2\/posts\/8804\/revisions\/8810"}],"wp:featuredmedia":[{"embeddable":true,"href":"https:\/\/www.wgir.de\/index.php?rest_route=\/wp\/v2\/media\/8806"}],"wp:attachment":[{"href":"https:\/\/www.wgir.de\/index.php?rest_route=%2Fwp%2Fv2%2Fmedia&parent=8804"}],"wp:term":[{"taxonomy":"category","embeddable":true,"href":"https:\/\/www.wgir.de\/index.php?rest_route=%2Fwp%2Fv2%2Fcategories&post=8804"},{"taxonomy":"post_tag","embeddable":true,"href":"https:\/\/www.wgir.de\/index.php?rest_route=%2Fwp%2Fv2%2Ftags&post=8804"}],"curies":[{"name":"wp","href":"https:\/\/api.w.org\/{rel}","templated":true}]}}