{"id":853,"date":"2021-08-11T10:30:00","date_gmt":"2021-08-11T10:30:00","guid":{"rendered":"https:\/\/mein.wgir.de\/?p=853"},"modified":"2022-02-16T14:33:26","modified_gmt":"2022-02-16T14:33:26","slug":"staatsanwaltschaften-pruefen-versaeumnisse-bei-der-alarmierung-in-den-ueberschwemmungsgebieten-der-landkreis-goettingen-moechte-das-sirenennetz-wieder-aktivieren","status":"publish","type":"post","link":"https:\/\/www.wgir.de\/?p=853","title":{"rendered":"Staatsanwaltschaften pr\u00fcfen Vers\u00e4umnisse bei der Alarmierung &#8230;"},"content":{"rendered":"\t\t<div data-elementor-type=\"wp-post\" data-elementor-id=\"853\" class=\"elementor elementor-853\">\n\t\t\t\t\t\t<section class=\"elementor-section elementor-top-section elementor-element elementor-element-1f33118c elementor-section-boxed elementor-section-height-default elementor-section-height-default wpr-particle-no wpr-jarallax-no wpr-parallax-no wpr-sticky-section-no wpr-column-slider-no wpr-equal-height-no\" data-id=\"1f33118c\" data-element_type=\"section\" data-e-type=\"section\">\n\t\t\t\t\t\t<div class=\"elementor-container elementor-column-gap-default\">\n\t\t\t\t\t<div class=\"elementor-column elementor-col-100 elementor-top-column elementor-element elementor-element-4e5efa8b\" data-id=\"4e5efa8b\" data-element_type=\"column\" data-e-type=\"column\">\n\t\t\t<div class=\"elementor-widget-wrap elementor-element-populated\">\n\t\t\t\t\t\t<div class=\"elementor-element elementor-element-fa87703 elementor-widget elementor-widget-text-editor\" data-id=\"fa87703\" data-element_type=\"widget\" data-e-type=\"widget\" data-widget_type=\"text-editor.default\">\n\t\t\t\t<div class=\"elementor-widget-container\">\n\t\t\t\t\t\t\t\t\t\n<p class=\"wp-block-paragraph\"><span style=\"font-family: arial, helvetica, sans-serif;\"><strong><span style=\"font-size: 14pt;\">Staatsanwaltschaften pr\u00fcfen Vers\u00e4umnisse bei der Alarmierung in den \u00dcberschwemmungsgebieten &#8211; der Landkreis m\u00f6chte das Sirenennetz wieder aktivieren<br \/><\/span><\/strong><\/span><span style=\"font-size: 12pt; font-family: arial, helvetica, sans-serif;\"><strong>Doch in Bad Lauterberg m\u00f6chte niemand trotz eines Antrages der WgiR \u00fcber das Thema beraten<br \/><br \/><\/strong><\/span><\/p>\n\n<p><span style=\"font-family: arial, helvetica, sans-serif;\"><\/span><\/p>\n<p class=\"wp-block-paragraph\"><span style=\"font-family: arial, helvetica, sans-serif;\">Bad Lauterberg. Die \u201eW\u00e4hlergruppe im Rat (WgiR)\u201c hatte bereits am 20.07.21 beantragt, den Rat der Stadt Bad Lauterberg einzuberufen, um zwei Antr\u00e4ge zeitnah zu behandeln. In dem einen Antrag geht es genau um die Sirenen im Stadtgebiet. Sie sollen Instand gesetzt werden sowie in ausreichender Anzahl vorhanden sein und unmittelbar von der Leitstelle auch im Katastrophenfall ausgel\u00f6st werdenDie daf\u00fcr anfallenden Kosten sollen von den in Aussicht gestellten F\u00f6rdermitteln gedeckt werden. Dazu allerdings m\u00fcssten sie zuvor beantragt werden. <em>Da derartige F\u00f6rdermittel h\u00e4ufig schnell vergeben sich, wollte die WgiR die Verwaltung mit einer Antragstellung beauftragen<\/em>. Auch der Landkreis G\u00f6ttingen m\u00f6chte die Sirenen wieder funktionsf\u00e4hig machen und will den notwendigen Aufwand daf\u00fcr auch finanziell unterst\u00fctzen. Zust\u00e4ndig allerdings f\u00fcr die Installation, den Betrieb und die Alarmausl\u00f6sung seien die Gemeinden, sagt ein Sprecher des Landkreises. In einer k\u00fcrzlich stattgefundenen Konferenz h\u00e4tten sich die Hauptverwaltungsbeamten dazu positiv ge\u00e4u\u00dfert. <em>Nicht zu verstehen ist, dass der B\u00fcrgermeister von Bad Lauterberg den Antrag auf Einberufung des Rates u.a. zu genau diesem Thema zur\u00fcckgewiesen hat<\/em>.<\/span><br \/><br \/><span style=\"font-family: arial, helvetica, sans-serif;\">Als Begr\u00fcndung daf\u00fcr f\u00fchrt er aus, dass nach seiner Meinung die Gesch\u00e4ftslage daf\u00fcr kein Erfordernis gebe. Die Verwaltung w\u00fcrde F\u00f6rderantr\u00e4ge stellen, wenn die F\u00f6rderrichtlinien bekannt seien. Sollte daf\u00fcr dann ein Ratsbeschluss notwendig sein, solle dieser im Oktober gefasst werden. Die \u00dcberpr\u00fcfung bzw. \u00dcberarbeitung von Katastrophenpl\u00e4nen, was die WgiR auch beantragt hat, wolle die Verwaltung zu gegebener Zeit in enger Zusammenarbeit mit dem f\u00fcr den Katastrophenschutz origin\u00e4r zust\u00e4ndigen Landkreis G\u00f6ttingen er\u00f6rtern. Das allerdings klingt mit Blick auf die Berichterstattung im Harz Kurier &#8222;Sirenennetz im Kreis G\u00f6ttingen soll wieder aktiviert werden!&#8220;, recht eigenartig.<\/span><\/p>\n<p><span style=\"font-family: arial, helvetica, sans-serif;\"><\/span><\/p>\n<h2 class=\"wp-block-heading\"><strong><span style=\"font-family: arial, helvetica, sans-serif; font-size: 12pt;\">Auch kein Beratungsbedarf f\u00fcr Rauml\u00fcfter an der Grundschule?<\/span><\/strong><\/h2>\n<p><span style=\"font-family: arial, helvetica, sans-serif;\"><\/span><\/p>\n<p class=\"wp-block-paragraph\"><span style=\"font-family: arial, helvetica, sans-serif;\">Auch das Thema &#8222;Rauml\u00fcfter&#8220; f\u00fcr die Grundschule am Hausberg und die Bem\u00fchungen um F\u00f6rdermittel daf\u00fcr sei kein Erfordernis im Sinne der Gesch\u00e4ftslage. Auch hier wolle der B\u00fcrgermeister warten und erst sp\u00e4ter reagieren. Derartig gefasste Beschl\u00fcsse seien reine Vorratsbeschl\u00fcsse.<\/span><br \/><span style=\"font-family: arial, helvetica, sans-serif;\">Doch genau darum ging es der WgiR doch! Ihr Ziel war es, die Verwaltung in den Stand zu versetzen, mit einem (Vor-) Ratsbeschluss in der Tasche sofort reagieren zu k\u00f6nnen und nicht erst bis zum Oktober zu m\u00fcssen. Da es h\u00e4ufig so ist, dass F\u00f6rdermittel im sogenannten \u201eWindhundverfahren\u201c vergeben werden, sollte die Verwaltung schnell handeln k\u00f6nnen. Dass ein Ratsbeschluss notwendig ist, davon ist die WgiR allerdings \u00fcberzeugt! Hatte doch der B\u00fcrgermeister und die Fraktionen der CDU, SPD und BI den Antrag der WgiR f\u00fcr die Beschaffung von Rauml\u00fcftern erst vor wenigen Monaten noch abgelehnt.<\/span><br \/><span style=\"font-family: arial, helvetica, sans-serif;\">Deshalb hatte die W\u00e4hlergruppe auch nicht mit einer Einberufung des Rates durch den B\u00fcrgermeister zu den top-aktuellen Themen &#8222;Sirenen und Rauml\u00fcfter&#8220; gerechnet und die Ratsmitglieder von der SPD, BI und CDU angeschrieben und sie um zwei Unterst\u00fctzerunterschriften gebeten. Der Rat muss laut Gesch\u00e4ftsordnung auch einberufen werden, wenn ein Drittel, also mindestens sieben der Ratsmitglieder dies fordern. Die WgiR verf\u00fcgt aber nur \u00fcber f\u00fcnf Sitze. <em>Aber kein Ratsmitglied aus den anderen Fraktionen hat geantwortet und will im Rat \u00fcber diese Themen und F\u00f6rdermittel beraten.<\/em><\/span><br \/><br \/><span style=\"font-family: arial, helvetica, sans-serif;\">Mal ehrlich, wer hatte bei dem heftigen Gewitter und Starkregen anfangs des Monats nicht daran gedacht, dass es auch hier mal schlimmer kommen k\u00f6nnte? Leider aber ist mal wieder zu vermuten, dass es <em>hier nicht um die Sache,<\/em> sondern darum geht, die Antr\u00e4ge der WgiR wegzudr\u00fccken. Und vor der Wahl m\u00f6chte halt niemand zugeben, dass die WgiR in ihren Einsch\u00e4tzungen zu diesen Themen richtig liegt. Bleibt zu hoffen, dass wir von Natur-Katastrophen verschont bleiben, bis der Wahlkampf vorbei ist und wir gut auf sie vorbereitet sind.<\/span><\/p>\n\t\t\t\t\t\t\t\t<\/div>\n\t\t\t\t<\/div>\n\t\t\t\t\t<\/div>\n\t\t<\/div>\n\t\t\t\t\t<\/div>\n\t\t<\/section>\n\t\t\t\t<\/div>\n\t\t","protected":false},"excerpt":{"rendered":"<p>Staatsanwaltschaften pr\u00fcfen Vers\u00e4umnisse bei der Alarmierung in den \u00dcberschwemmungsgebieten &#8211; der Landkreis m\u00f6chte das Sirenennetz wieder aktivierenDoch in Bad Lauterberg<\/p>\n","protected":false},"author":1,"featured_media":2442,"comment_status":"closed","ping_status":"open","sticky":false,"template":"","format":"standard","meta":{"colormag_page_container_layout":"default_layout","colormag_page_sidebar_layout":"default_layout","footnotes":""},"categories":[52,30],"tags":[103,99,104,100],"class_list":["post-853","post","type-post","status-publish","format-standard","has-post-thumbnail","hentry","category-52","category-news","tag-grundschule","tag-rat","tag-raumluefter","tag-sirenen"],"magazineBlocksPostFeaturedMedia":{"thumbnail":"https:\/\/i0.wp.com\/www.wgir.de\/wp-content\/uploads\/2021\/07\/sirenen.jpg?resize=150%2C150&ssl=1","medium":"https:\/\/i0.wp.com\/www.wgir.de\/wp-content\/uploads\/2021\/07\/sirenen.jpg?fit=300%2C197&ssl=1","medium_large":"https:\/\/i0.wp.com\/www.wgir.de\/wp-content\/uploads\/2021\/07\/sirenen.jpg?fit=768%2C504&ssl=1","large":"https:\/\/i0.wp.com\/www.wgir.de\/wp-content\/uploads\/2021\/07\/sirenen.jpg?fit=778%2C511&ssl=1","1536x1536":"https:\/\/i0.wp.com\/www.wgir.de\/wp-content\/uploads\/2021\/07\/sirenen.jpg?fit=778%2C511&ssl=1","2048x2048":"https:\/\/i0.wp.com\/www.wgir.de\/wp-content\/uploads\/2021\/07\/sirenen.jpg?fit=778%2C511&ssl=1","colormag-highlighted-post":"https:\/\/i0.wp.com\/www.wgir.de\/wp-content\/uploads\/2021\/07\/sirenen.jpg?resize=392%2C272&ssl=1","colormag-featured-post-medium":"https:\/\/i0.wp.com\/www.wgir.de\/wp-content\/uploads\/2021\/07\/sirenen.jpg?resize=390%2C205&ssl=1","colormag-featured-post-small":"https:\/\/i0.wp.com\/www.wgir.de\/wp-content\/uploads\/2021\/07\/sirenen.jpg?resize=130%2C90&ssl=1","colormag-featured-image":"https:\/\/i0.wp.com\/www.wgir.de\/wp-content\/uploads\/2021\/07\/sirenen.jpg?resize=778%2C445&ssl=1","colormag-default-news":"https:\/\/i0.wp.com\/www.wgir.de\/wp-content\/uploads\/2021\/07\/sirenen.jpg?resize=150%2C150&ssl=1","colormag-featured-image-large":"https:\/\/i0.wp.com\/www.wgir.de\/wp-content\/uploads\/2021\/07\/sirenen.jpg?resize=778%2C511&ssl=1","colormag-elementor-block-extra-large-thumbnail":"https:\/\/i0.wp.com\/www.wgir.de\/wp-content\/uploads\/2021\/07\/sirenen.jpg?resize=778%2C480&ssl=1","colormag-elementor-grid-large-thumbnail":"https:\/\/i0.wp.com\/www.wgir.de\/wp-content\/uploads\/2021\/07\/sirenen.jpg?resize=600%2C417&ssl=1","colormag-elementor-grid-small-thumbnail":"https:\/\/i0.wp.com\/www.wgir.de\/wp-content\/uploads\/2021\/07\/sirenen.jpg?resize=285%2C450&ssl=1","colormag-elementor-grid-medium-large-thumbnail":"https:\/\/i0.wp.com\/www.wgir.de\/wp-content\/uploads\/2021\/07\/sirenen.jpg?resize=575%2C198&ssl=1"},"magazineBlocksPostAuthor":{"name":"Homepage webmaster","avatar":"https:\/\/secure.gravatar.com\/avatar\/6f96ca7c0487a8f61b8f75f39df16ab2d64a4669b827b479e37fe76a80a4c6d8?s=96&d=mm&r=g"},"magazineBlocksPostCommentsNumber":false,"magazineBlocksPostExcerpt":"Staatsanwaltschaften pr\u00fcfen Vers\u00e4umnisse bei der Alarmierung in den \u00dcberschwemmungsgebieten &#8211; der Landkreis m\u00f6chte das Sirenennetz wieder aktivierenDoch in Bad Lauterberg","magazineBlocksPostCategories":["2021","Neu"],"magazineBlocksPostViewCount":27,"magazineBlocksPostReadTime":4,"magazine_blocks_featured_image_url":{"full":["https:\/\/i0.wp.com\/www.wgir.de\/wp-content\/uploads\/2021\/07\/sirenen.jpg?fit=778%2C511&ssl=1",778,511,false],"medium":["https:\/\/i0.wp.com\/www.wgir.de\/wp-content\/uploads\/2021\/07\/sirenen.jpg?fit=300%2C197&ssl=1",300,197,true],"thumbnail":["https:\/\/i0.wp.com\/www.wgir.de\/wp-content\/uploads\/2021\/07\/sirenen.jpg?resize=150%2C150&ssl=1",150,150,true]},"magazine_blocks_author":{"display_name":"Homepage webmaster","author_link":"https:\/\/www.wgir.de\/?author=1"},"magazine_blocks_comment":0,"magazine_blocks_author_image":"https:\/\/secure.gravatar.com\/avatar\/6f96ca7c0487a8f61b8f75f39df16ab2d64a4669b827b479e37fe76a80a4c6d8?s=96&d=mm&r=g","magazine_blocks_category":"<a href=\"#\" class=\"category-link category-link-52\">2021<\/a> <a href=\"#\" class=\"category-link category-link-30\">Neu<\/a>","videoUrl":"","_links":{"self":[{"href":"https:\/\/www.wgir.de\/index.php?rest_route=\/wp\/v2\/posts\/853","targetHints":{"allow":["GET"]}}],"collection":[{"href":"https:\/\/www.wgir.de\/index.php?rest_route=\/wp\/v2\/posts"}],"about":[{"href":"https:\/\/www.wgir.de\/index.php?rest_route=\/wp\/v2\/types\/post"}],"author":[{"embeddable":true,"href":"https:\/\/www.wgir.de\/index.php?rest_route=\/wp\/v2\/users\/1"}],"replies":[{"embeddable":true,"href":"https:\/\/www.wgir.de\/index.php?rest_route=%2Fwp%2Fv2%2Fcomments&post=853"}],"version-history":[{"count":0,"href":"https:\/\/www.wgir.de\/index.php?rest_route=\/wp\/v2\/posts\/853\/revisions"}],"wp:featuredmedia":[{"embeddable":true,"href":"https:\/\/www.wgir.de\/index.php?rest_route=\/wp\/v2\/media\/2442"}],"wp:attachment":[{"href":"https:\/\/www.wgir.de\/index.php?rest_route=%2Fwp%2Fv2%2Fmedia&parent=853"}],"wp:term":[{"taxonomy":"category","embeddable":true,"href":"https:\/\/www.wgir.de\/index.php?rest_route=%2Fwp%2Fv2%2Fcategories&post=853"},{"taxonomy":"post_tag","embeddable":true,"href":"https:\/\/www.wgir.de\/index.php?rest_route=%2Fwp%2Fv2%2Ftags&post=853"}],"curies":[{"name":"wp","href":"https:\/\/api.w.org\/{rel}","templated":true}]}}