{"id":850,"date":"2021-07-21T10:15:00","date_gmt":"2021-07-21T10:15:00","guid":{"rendered":"https:\/\/mein.wgir.de\/?p=850"},"modified":"2022-01-18T08:24:36","modified_gmt":"2022-01-18T08:24:36","slug":"antraege-fuer-luefteranlagen-und-die-aktivierung-der-sirenen-muessen-umgehend-gestellt-werden-so-die-waehlergruppe-im-rat-2","status":"publish","type":"post","link":"https:\/\/www.wgir.de\/?p=850","title":{"rendered":"Antr\u00e4ge f\u00fcr L\u00fcfteranlagen und die Aktivierung der Sirenen m\u00fcssen umgehend gestellt werden, so die &#8222;W\u00e4hlergruppe im Rat&#8220;"},"content":{"rendered":"\t\t<div data-elementor-type=\"wp-post\" data-elementor-id=\"850\" class=\"elementor elementor-850\">\n\t\t\t\t\t\t<section class=\"elementor-section elementor-top-section elementor-element elementor-element-3ac8d0a elementor-section-boxed elementor-section-height-default elementor-section-height-default wpr-particle-no wpr-jarallax-no wpr-parallax-no wpr-sticky-section-no wpr-column-slider-no wpr-equal-height-no\" data-id=\"3ac8d0a\" data-element_type=\"section\" data-e-type=\"section\">\n\t\t\t\t\t\t<div class=\"elementor-container elementor-column-gap-default\">\n\t\t\t\t\t<div class=\"elementor-column elementor-col-100 elementor-top-column elementor-element elementor-element-475356e\" data-id=\"475356e\" data-element_type=\"column\" data-e-type=\"column\">\n\t\t\t<div class=\"elementor-widget-wrap elementor-element-populated\">\n\t\t\t\t\t\t<div class=\"elementor-element elementor-element-96702bd elementor-widget elementor-widget-text-editor\" data-id=\"96702bd\" data-element_type=\"widget\" data-e-type=\"widget\" data-widget_type=\"text-editor.default\">\n\t\t\t\t<div class=\"elementor-widget-container\">\n\t\t\t\t\t\t\t\t\t<p><strong data-rich-text-format-boundary=\"true\">Bad Lauterberg. <\/strong>Die Fraktion der \u201eW\u00e4hlergruppe im Rat (WgiR)\u201c hat ihre Ratsarbeit noch nicht eingestellt. Sie hat aktuell darum gebeten, den Rat der Stadt einzuberufen, um zeitnah zwei Beschl\u00fcsse zu fassen.Mit der <strong>ersten Beschlussvorlage<\/strong> m\u00f6chte die <strong>WgiR <\/strong>erreichen, dass die Verwaltung beauftragt wird, sich um die aktuell angek\u00fcndigten <strong>F\u00f6rdermittel vom Bund und vom Land<\/strong> f\u00fcr die Beschaffung von Rauml\u00fcfter-Anlagen zu bem\u00fchen und diese f\u00fcr die <strong>Grundschule am Hausberg<\/strong> auch zu beantragen.<br data-rich-text-line-break=\"true\" \/>Die <strong>WgiR <\/strong>h\u00e4lt das auch vor dem Hintergrund, dass noch nicht konkret festgelegt ist, wie die Antragsverfahren genau laufen sollen und welche L\u00fcfteranlagen gef\u00f6rdert werden, trotzdem f\u00fcr sinnvoll und notwendig, um rechtzeitig unseren <strong>Bedarf aus den F\u00f6rdert\u00f6pfen<\/strong> decken zu k\u00f6nnen. Wichtig war der <strong>WgiR <\/strong>schon bei ihrem ersten Antrag f\u00fcr die Ausstattung der Grundschule mit L\u00fcftern, dass die <strong><em>Gesundheit der Kinder im Vordergrund<\/em><\/strong> steht und ein Unterricht in voller Pr\u00e4senz m\u00f6glich ist.<br data-rich-text-line-break=\"true\" \/>Warum allerdings die Mitglieder der <strong>SPD und CDU <\/strong>im Kreistag <strong>f\u00fcr die Ausstattung <\/strong>der weiterf\u00fchrenden Schulen gestimmt haben, aber deren <strong>Mitglieder im Stadtrat<\/strong> von Bad Lauterberg und sogar der <strong>B\u00fcrgermeister <\/strong>gegen eine Ausstattung der Grundschule mit Rauml\u00fcftern gestimmt haben, das kann wohl schlicht nur daran gelegen haben, dass der <strong>Antrag von der WgiR <\/strong>gestellt wurde. Schade, dass parteiliche oder pers\u00f6nliche Interessen auch bei solchen Entscheidungen scheinbar vorrangig sind.<br data-rich-text-line-break=\"true\" \/><strong><em>Dass der Antrag der WgiR doch sinnvoll war und ist, das beweist die Bundes- und Landesf\u00f6rderung ganz klar.<br data-rich-text-line-break=\"true\" \/><\/em><\/strong><br data-rich-text-line-break=\"true\" \/>Mit dem <strong>zweiten Beschlussantrag <\/strong>m\u00f6chte die <strong>WgiR <\/strong>erreichen, dass die vorhandenen Sirenen mit zus\u00e4tzlichen Alarmierungsm\u00f6glichkeiten ausgestattet und die M\u00f6glichkeit der Ausl\u00f6sung im Katastrophenfall sofort durch die Leitstelle erfolgen kann. Fehlende Sirenen sollen umgehend ersetzt und die Katastrophenschutzpl\u00e4ne gepr\u00fcft und gegebenenfalls \u00fcberarbeitet werden.<br data-rich-text-line-break=\"true\" \/><strong><em>Auch daf\u00fcr wurden bereits F\u00f6rdermittel in Aussicht gestellt, um die man sich auch fr\u00fchzeitig bem\u00fchen sollte.<\/em><\/strong><br data-rich-text-line-break=\"true\" \/><br data-rich-text-line-break=\"true\" \/>Die schlimmen \u00dcberschwemmungen in den unterschiedlichsten Teilen unseres Landes haben deutlich gezeigt, dass Katastrophenf\u00e4lle schneller und h\u00e4ufiger auftreten, als wir uns das noch in den letzten Jahren vorstellen konnten. Auch Bad Lauterberg liegt in einem Tal durch das ein Flussbett verl\u00e4uft. Und auch hier staut eine Talsperre eine riesige Menge Wasser auf. <strong><em>Niemand m\u00f6chte erleben &#8211; ja kaum einer m\u00f6chte und will sich vorstellen, was passieren w\u00fcrde, wenn diese Wassermassen ins Tal und durch die Stadt str\u00f6men.<\/em><\/strong> Sicher ist es gut und vern\u00fcnftig, auf einen solchen oder \u00e4hnlichen Katastrophenfall vorbereitet zu sein. Und auch wenn wir nicht in einem typischen \u00dcberschwemmungsgebiet liegen, so k\u00f6nnen doch auch hier durch pl\u00f6tzlichen Starkregen gro\u00dfe Wassermassen f\u00fcr Probleme sorgen.<br data-rich-text-line-break=\"true\" \/><br data-rich-text-line-break=\"true\" \/>Vermutlich wird es so sein, dass wir das <strong>n\u00e4chste Schuljahr <\/strong>genauso schlecht vorbereitet beginnen m\u00fcssen, wie es beim Abgelaufenen auch der Fall war. <strong>Die Zeit ist ungenutzt verstrichen<\/strong> und <strong>sinnvolle Vorschl\u00e4ge<\/strong> wurden <strong>abgelehnt.<br data-rich-text-line-break=\"true\" \/><\/strong><br data-rich-text-line-break=\"true\" \/><strong><em>Das sollten wir beim Thema Katastrophenschutz nicht auch so machen.<\/em><\/strong><br data-rich-text-line-break=\"true\" \/>Handeln ist das Gebot der Stunde! Eine Pandemie oder ein Ungl\u00fcck lassen sich nicht vertr\u00f6sten. Und so hofft die WgiR darauf, dass der B\u00fcrgermeister zu einer Ratssitzung einl\u00e4dt.<\/p>\t\t\t\t\t\t\t\t<\/div>\n\t\t\t\t<\/div>\n\t\t\t\t\t<\/div>\n\t\t<\/div>\n\t\t\t\t\t<\/div>\n\t\t<\/section>\n\t\t\t\t<\/div>\n\t\t","protected":false},"excerpt":{"rendered":"<p>Bad Lauterberg. Die Fraktion der \u201eW\u00e4hlergruppe im Rat (WgiR)\u201c hat ihre Ratsarbeit noch nicht eingestellt. Sie hat aktuell darum gebeten,<\/p>\n","protected":false},"author":1,"featured_media":2442,"comment_status":"closed","ping_status":"open","sticky":false,"template":"","format":"standard","meta":{"colormag_page_container_layout":"default_layout","colormag_page_sidebar_layout":"default_layout","footnotes":""},"categories":[52,151,30],"tags":[99,100],"class_list":["post-850","post","type-post","status-publish","format-standard","has-post-thumbnail","hentry","category-52","category-allgemeines","category-news","tag-rat","tag-sirenen"],"magazineBlocksPostFeaturedMedia":{"thumbnail":"https:\/\/i0.wp.com\/www.wgir.de\/wp-content\/uploads\/2021\/07\/sirenen.jpg?resize=150%2C150&ssl=1","medium":"https:\/\/i0.wp.com\/www.wgir.de\/wp-content\/uploads\/2021\/07\/sirenen.jpg?fit=300%2C197&ssl=1","medium_large":"https:\/\/i0.wp.com\/www.wgir.de\/wp-content\/uploads\/2021\/07\/sirenen.jpg?fit=768%2C504&ssl=1","large":"https:\/\/i0.wp.com\/www.wgir.de\/wp-content\/uploads\/2021\/07\/sirenen.jpg?fit=778%2C511&ssl=1","1536x1536":"https:\/\/i0.wp.com\/www.wgir.de\/wp-content\/uploads\/2021\/07\/sirenen.jpg?fit=778%2C511&ssl=1","2048x2048":"https:\/\/i0.wp.com\/www.wgir.de\/wp-content\/uploads\/2021\/07\/sirenen.jpg?fit=778%2C511&ssl=1","colormag-highlighted-post":"https:\/\/i0.wp.com\/www.wgir.de\/wp-content\/uploads\/2021\/07\/sirenen.jpg?resize=392%2C272&ssl=1","colormag-featured-post-medium":"https:\/\/i0.wp.com\/www.wgir.de\/wp-content\/uploads\/2021\/07\/sirenen.jpg?resize=390%2C205&ssl=1","colormag-featured-post-small":"https:\/\/i0.wp.com\/www.wgir.de\/wp-content\/uploads\/2021\/07\/sirenen.jpg?resize=130%2C90&ssl=1","colormag-featured-image":"https:\/\/i0.wp.com\/www.wgir.de\/wp-content\/uploads\/2021\/07\/sirenen.jpg?resize=778%2C445&ssl=1","colormag-default-news":"https:\/\/i0.wp.com\/www.wgir.de\/wp-content\/uploads\/2021\/07\/sirenen.jpg?resize=150%2C150&ssl=1","colormag-featured-image-large":"https:\/\/i0.wp.com\/www.wgir.de\/wp-content\/uploads\/2021\/07\/sirenen.jpg?resize=778%2C511&ssl=1","colormag-elementor-block-extra-large-thumbnail":"https:\/\/i0.wp.com\/www.wgir.de\/wp-content\/uploads\/2021\/07\/sirenen.jpg?resize=778%2C480&ssl=1","colormag-elementor-grid-large-thumbnail":"https:\/\/i0.wp.com\/www.wgir.de\/wp-content\/uploads\/2021\/07\/sirenen.jpg?resize=600%2C417&ssl=1","colormag-elementor-grid-small-thumbnail":"https:\/\/i0.wp.com\/www.wgir.de\/wp-content\/uploads\/2021\/07\/sirenen.jpg?resize=285%2C450&ssl=1","colormag-elementor-grid-medium-large-thumbnail":"https:\/\/i0.wp.com\/www.wgir.de\/wp-content\/uploads\/2021\/07\/sirenen.jpg?resize=575%2C198&ssl=1"},"magazineBlocksPostAuthor":{"name":"Homepage webmaster","avatar":"https:\/\/secure.gravatar.com\/avatar\/6f96ca7c0487a8f61b8f75f39df16ab2d64a4669b827b479e37fe76a80a4c6d8?s=96&d=mm&r=g"},"magazineBlocksPostCommentsNumber":false,"magazineBlocksPostExcerpt":"Bad Lauterberg. Die Fraktion der \u201eW\u00e4hlergruppe im Rat (WgiR)\u201c hat ihre Ratsarbeit noch nicht eingestellt. Sie hat aktuell darum gebeten,","magazineBlocksPostCategories":["2021","Allgemeines","Neu"],"magazineBlocksPostViewCount":24,"magazineBlocksPostReadTime":3,"magazine_blocks_featured_image_url":{"full":["https:\/\/i0.wp.com\/www.wgir.de\/wp-content\/uploads\/2021\/07\/sirenen.jpg?fit=778%2C511&ssl=1",778,511,false],"medium":["https:\/\/i0.wp.com\/www.wgir.de\/wp-content\/uploads\/2021\/07\/sirenen.jpg?fit=300%2C197&ssl=1",300,197,true],"thumbnail":["https:\/\/i0.wp.com\/www.wgir.de\/wp-content\/uploads\/2021\/07\/sirenen.jpg?resize=150%2C150&ssl=1",150,150,true]},"magazine_blocks_author":{"display_name":"Homepage webmaster","author_link":"https:\/\/www.wgir.de\/?author=1"},"magazine_blocks_comment":0,"magazine_blocks_author_image":"https:\/\/secure.gravatar.com\/avatar\/6f96ca7c0487a8f61b8f75f39df16ab2d64a4669b827b479e37fe76a80a4c6d8?s=96&d=mm&r=g","magazine_blocks_category":"<a href=\"#\" class=\"category-link category-link-52\">2021<\/a> <a href=\"#\" class=\"category-link category-link-151\">Allgemeines<\/a> <a href=\"#\" class=\"category-link category-link-30\">Neu<\/a>","videoUrl":"","_links":{"self":[{"href":"https:\/\/www.wgir.de\/index.php?rest_route=\/wp\/v2\/posts\/850","targetHints":{"allow":["GET"]}}],"collection":[{"href":"https:\/\/www.wgir.de\/index.php?rest_route=\/wp\/v2\/posts"}],"about":[{"href":"https:\/\/www.wgir.de\/index.php?rest_route=\/wp\/v2\/types\/post"}],"author":[{"embeddable":true,"href":"https:\/\/www.wgir.de\/index.php?rest_route=\/wp\/v2\/users\/1"}],"replies":[{"embeddable":true,"href":"https:\/\/www.wgir.de\/index.php?rest_route=%2Fwp%2Fv2%2Fcomments&post=850"}],"version-history":[{"count":0,"href":"https:\/\/www.wgir.de\/index.php?rest_route=\/wp\/v2\/posts\/850\/revisions"}],"wp:featuredmedia":[{"embeddable":true,"href":"https:\/\/www.wgir.de\/index.php?rest_route=\/wp\/v2\/media\/2442"}],"wp:attachment":[{"href":"https:\/\/www.wgir.de\/index.php?rest_route=%2Fwp%2Fv2%2Fmedia&parent=850"}],"wp:term":[{"taxonomy":"category","embeddable":true,"href":"https:\/\/www.wgir.de\/index.php?rest_route=%2Fwp%2Fv2%2Fcategories&post=850"},{"taxonomy":"post_tag","embeddable":true,"href":"https:\/\/www.wgir.de\/index.php?rest_route=%2Fwp%2Fv2%2Ftags&post=850"}],"curies":[{"name":"wp","href":"https:\/\/api.w.org\/{rel}","templated":true}]}}