{"id":8209,"date":"2026-07-16T09:34:15","date_gmt":"2026-07-16T09:34:15","guid":{"rendered":"https:\/\/www.wgir.de\/?p=8209"},"modified":"2026-08-09T22:55:18","modified_gmt":"2026-08-09T22:55:18","slug":"weitere-vier-kandidatinnen-und-kandidaten-fuer-den-ortsrat-barbis-aufgestellt","status":"publish","type":"post","link":"https:\/\/www.wgir.de\/?p=8209","title":{"rendered":"Weitere vier Kandidatinnen und Kandidaten f\u00fcr den Ortsrat Barbis aufgestellt"},"content":{"rendered":"\t\t<div data-elementor-type=\"wp-post\" data-elementor-id=\"8209\" class=\"elementor elementor-8209\">\n\t\t\t\t\t\t<section class=\"elementor-section elementor-top-section elementor-element elementor-element-73e49bd elementor-section-boxed elementor-section-height-default elementor-section-height-default wpr-particle-no wpr-jarallax-no wpr-parallax-no wpr-sticky-section-no wpr-column-slider-no wpr-equal-height-no\" data-id=\"73e49bd\" data-element_type=\"section\" data-e-type=\"section\">\n\t\t\t\t\t\t<div class=\"elementor-container elementor-column-gap-default\">\n\t\t\t\t\t<div class=\"elementor-column elementor-col-100 elementor-top-column elementor-element elementor-element-607687c\" data-id=\"607687c\" data-element_type=\"column\" data-e-type=\"column\">\n\t\t\t<div class=\"elementor-widget-wrap elementor-element-populated\">\n\t\t\t\t\t\t<div class=\"elementor-element elementor-element-9f2e3f6 elementor-widget elementor-widget-text-editor\" data-id=\"9f2e3f6\" data-element_type=\"widget\" data-e-type=\"widget\" data-widget_type=\"text-editor.default\">\n\t\t\t\t<div class=\"elementor-widget-container\">\n\t\t\t\t\t\t\t\t\t<p>Nachdem die\u00a0<b>W\u00e4hlergruppe im Rat (WgiR)<\/b>\u00a0bereits am 22. Mai ihre\u00a0<b>B\u00fcrgermeisterkandidatin Anna-Lena Richter<\/b>\u00a0und 26 Kandidatinnen und Kandidaten f\u00fcr die Ortsr\u00e4te Osterhagen, Bartolfelde und Barbis sowie dem Stadtrat Bad Lauterberg w\u00e4hlen und aufstellen konnte, erfolgte am Mittwoch 1. Juli eine\u00a0<b>zweite Aufstellungsversammlung<\/b>. Diese weitere Versammlung wurde im Barbiser Restaurant \u201eOlympia\u201c durchgef\u00fchrt, um\u00a0<b>weitere Bewerber\u00a0<\/b>f\u00fcr den\u00a0<b>Ortsrat Barbis<\/b>\u00a0zu nominieren. Bisher war nur\u00a0<b>Raymond Berger<\/b>\u00a0allein auf Listenplatz 1 vertreten.<\/p><p><br \/>Erfreut konnte die\u00a0<b>Vereinsvorsitzende Anna-Lena Richter<\/b>\u00a0bei der Er\u00f6ffnung der Mitgliederversammlung feststellen, dass in den letzten Wochen\u00a0<b>vier neue Barbiser<\/b>\u00a0als Mitglieder in die\u00a0<b>WgiR<\/b>\u00a0eingetreten sind und sich f\u00fcr eine Kandidatur f\u00fcr den Ortsrat Barbis bewerben.<\/p><p><br \/>Bei den nachfolgenden geheimen Wahlg\u00e4ngen wurde\u00a0<b>Manfred Fricke, Swen Willig<\/b>\u00a0(in Abwesenheit mit\u00a0Einverst\u00e4ndnis gew\u00e4hlt),\u00a0<b>Patrick Lesch<\/b>\u00a0und<b>\u00a0Mary-Jo Lesch<\/b>\u00a0jeweils einstimmig nachnominiert und auf die Listenpl\u00e4tze 2 bis 5 gew\u00e4hlt. Wie die Kandidaten bei einer kurzen Vorstellung anmerkten, sind sie bis auf Patrick Lesch geb\u00fcrtige Barbiser, bzw. wohnen seit vielen Jahren im Ortsteil und m\u00f6chten positiven Einfluss auf die k\u00fcnftige Kommunalpolitik nehmen und Ver\u00e4nderungen zum Wohle der Einwohner mittragen.<\/p>\t\t\t\t\t\t\t\t<\/div>\n\t\t\t\t<\/div>\n\t\t\t\t\t<\/div>\n\t\t<\/div>\n\t\t\t\t\t<\/div>\n\t\t<\/section>\n\t\t\t\t<\/div>\n\t\t","protected":false},"excerpt":{"rendered":"<p>Foto: v.l.n.r.: Patrick Lesch, Marie-Jo Lesch, Manfred Fricke, Raymond Berger und die WgiR-Vereinsvorsitzende und B\u00fcrgermeisterkandidatin Anna-Lena Richter<\/p>\n","protected":false},"author":13,"featured_media":8213,"comment_status":"closed","ping_status":"open","sticky":false,"template":"","format":"standard","meta":{"colormag_page_container_layout":"default_layout","colormag_page_sidebar_layout":"default_layout","footnotes":""},"categories":[175,147,30],"tags":[],"class_list":["post-8209","post","type-post","status-publish","format-standard","has-post-thumbnail","hentry","category-175","category-barbis","category-news"],"magazineBlocksPostFeaturedMedia":{"thumbnail":"https:\/\/i0.wp.com\/www.wgir.de\/wp-content\/uploads\/2026\/07\/2026_07_16.jpg?resize=150%2C150&ssl=1","medium":"https:\/\/i0.wp.com\/www.wgir.de\/wp-content\/uploads\/2026\/07\/2026_07_16.jpg?fit=310%2C207&ssl=1","medium_large":"https:\/\/i0.wp.com\/www.wgir.de\/wp-content\/uploads\/2026\/07\/2026_07_16.jpg?fit=768%2C512&ssl=1","large":"https:\/\/i0.wp.com\/www.wgir.de\/wp-content\/uploads\/2026\/07\/2026_07_16.jpg?fit=800%2C534&ssl=1","1536x1536":"https:\/\/i0.wp.com\/www.wgir.de\/wp-content\/uploads\/2026\/07\/2026_07_16.jpg?fit=1200%2C800&ssl=1","2048x2048":"https:\/\/i0.wp.com\/www.wgir.de\/wp-content\/uploads\/2026\/07\/2026_07_16.jpg?fit=1200%2C800&ssl=1","colormag-highlighted-post":"https:\/\/i0.wp.com\/www.wgir.de\/wp-content\/uploads\/2026\/07\/2026_07_16.jpg?resize=392%2C272&ssl=1","colormag-featured-post-medium":"https:\/\/i0.wp.com\/www.wgir.de\/wp-content\/uploads\/2026\/07\/2026_07_16.jpg?resize=390%2C205&ssl=1","colormag-featured-post-small":"https:\/\/i0.wp.com\/www.wgir.de\/wp-content\/uploads\/2026\/07\/2026_07_16.jpg?resize=130%2C90&ssl=1","colormag-featured-image":"https:\/\/i0.wp.com\/www.wgir.de\/wp-content\/uploads\/2026\/07\/2026_07_16.jpg?resize=800%2C445&ssl=1","colormag-default-news":"https:\/\/i0.wp.com\/www.wgir.de\/wp-content\/uploads\/2026\/07\/2026_07_16.jpg?resize=150%2C150&ssl=1","colormag-featured-image-large":"https:\/\/i0.wp.com\/www.wgir.de\/wp-content\/uploads\/2026\/07\/2026_07_16.jpg?resize=1200%2C600&ssl=1","colormag-elementor-block-extra-large-thumbnail":"https:\/\/i0.wp.com\/www.wgir.de\/wp-content\/uploads\/2026\/07\/2026_07_16.jpg?resize=1155%2C480&ssl=1","colormag-elementor-grid-large-thumbnail":"https:\/\/i0.wp.com\/www.wgir.de\/wp-content\/uploads\/2026\/07\/2026_07_16.jpg?resize=600%2C417&ssl=1","colormag-elementor-grid-small-thumbnail":"https:\/\/i0.wp.com\/www.wgir.de\/wp-content\/uploads\/2026\/07\/2026_07_16.jpg?resize=285%2C450&ssl=1","colormag-elementor-grid-medium-large-thumbnail":"https:\/\/i0.wp.com\/www.wgir.de\/wp-content\/uploads\/2026\/07\/2026_07_16.jpg?resize=575%2C198&ssl=1"},"magazineBlocksPostAuthor":{"name":"Bernd Jackisch","avatar":"https:\/\/secure.gravatar.com\/avatar\/39fd8a70350c275e00408d246f8f53c72f82cbc907d87f31f636c144497b6b08?s=96&d=mm&r=g"},"magazineBlocksPostCommentsNumber":false,"magazineBlocksPostExcerpt":"Foto: v.l.n.r.: Patrick Lesch, Marie-Jo Lesch, Manfred Fricke, Raymond Berger und die WgiR-Vereinsvorsitzende und B\u00fcrgermeisterkandidatin Anna-Lena Richter","magazineBlocksPostCategories":["2026","Barbis","Neu"],"magazineBlocksPostViewCount":61,"magazineBlocksPostReadTime":1,"magazine_blocks_featured_image_url":{"full":["https:\/\/i0.wp.com\/www.wgir.de\/wp-content\/uploads\/2026\/07\/2026_07_16.jpg?fit=1200%2C800&ssl=1",1200,800,false],"medium":["https:\/\/i0.wp.com\/www.wgir.de\/wp-content\/uploads\/2026\/07\/2026_07_16.jpg?fit=310%2C207&ssl=1",310,207,true],"thumbnail":["https:\/\/i0.wp.com\/www.wgir.de\/wp-content\/uploads\/2026\/07\/2026_07_16.jpg?resize=150%2C150&ssl=1",150,150,true]},"magazine_blocks_author":{"display_name":"Bernd Jackisch","author_link":"https:\/\/www.wgir.de\/?author=13"},"magazine_blocks_comment":0,"magazine_blocks_author_image":"https:\/\/secure.gravatar.com\/avatar\/39fd8a70350c275e00408d246f8f53c72f82cbc907d87f31f636c144497b6b08?s=96&d=mm&r=g","magazine_blocks_category":"<a href=\"#\" class=\"category-link category-link-175\">2026<\/a> <a href=\"#\" class=\"category-link category-link-147\">Barbis<\/a> <a href=\"#\" class=\"category-link category-link-30\">Neu<\/a>","videoUrl":"","_links":{"self":[{"href":"https:\/\/www.wgir.de\/index.php?rest_route=\/wp\/v2\/posts\/8209","targetHints":{"allow":["GET"]}}],"collection":[{"href":"https:\/\/www.wgir.de\/index.php?rest_route=\/wp\/v2\/posts"}],"about":[{"href":"https:\/\/www.wgir.de\/index.php?rest_route=\/wp\/v2\/types\/post"}],"author":[{"embeddable":true,"href":"https:\/\/www.wgir.de\/index.php?rest_route=\/wp\/v2\/users\/13"}],"replies":[{"embeddable":true,"href":"https:\/\/www.wgir.de\/index.php?rest_route=%2Fwp%2Fv2%2Fcomments&post=8209"}],"version-history":[{"count":0,"href":"https:\/\/www.wgir.de\/index.php?rest_route=\/wp\/v2\/posts\/8209\/revisions"}],"wp:featuredmedia":[{"embeddable":true,"href":"https:\/\/www.wgir.de\/index.php?rest_route=\/wp\/v2\/media\/8213"}],"wp:attachment":[{"href":"https:\/\/www.wgir.de\/index.php?rest_route=%2Fwp%2Fv2%2Fmedia&parent=8209"}],"wp:term":[{"taxonomy":"category","embeddable":true,"href":"https:\/\/www.wgir.de\/index.php?rest_route=%2Fwp%2Fv2%2Fcategories&post=8209"},{"taxonomy":"post_tag","embeddable":true,"href":"https:\/\/www.wgir.de\/index.php?rest_route=%2Fwp%2Fv2%2Ftags&post=8209"}],"curies":[{"name":"wp","href":"https:\/\/api.w.org\/{rel}","templated":true}]}}