{"id":7993,"date":"2026-03-03T22:05:31","date_gmt":"2026-03-03T22:05:31","guid":{"rendered":"https:\/\/www.wgir.de\/?p=7993"},"modified":"2026-03-04T22:16:28","modified_gmt":"2026-03-04T22:16:28","slug":"glasfaser-einwohnerbefragung-geschaeftsordnung","status":"publish","type":"post","link":"https:\/\/www.wgir.de\/?p=7993","title":{"rendered":"Glasfaser &#8211; Einwohnerbefragung &#8211; Gesch\u00e4ftsordnung"},"content":{"rendered":"\t\t<div data-elementor-type=\"wp-post\" data-elementor-id=\"7993\" class=\"elementor elementor-7993\">\n\t\t\t\t\t\t<section class=\"elementor-section elementor-top-section elementor-element elementor-element-dd21ffa elementor-section-boxed elementor-section-height-default elementor-section-height-default wpr-particle-no wpr-jarallax-no wpr-parallax-no wpr-sticky-section-no wpr-column-slider-no wpr-equal-height-no\" data-id=\"dd21ffa\" data-element_type=\"section\" data-e-type=\"section\">\n\t\t\t\t\t\t<div class=\"elementor-container elementor-column-gap-default\">\n\t\t\t\t\t<div class=\"elementor-column elementor-col-100 elementor-top-column elementor-element elementor-element-9b3257b\" data-id=\"9b3257b\" data-element_type=\"column\" data-e-type=\"column\">\n\t\t\t<div class=\"elementor-widget-wrap elementor-element-populated\">\n\t\t\t\t\t\t<div class=\"elementor-element elementor-element-6edb079 elementor-widget elementor-widget-text-editor\" data-id=\"6edb079\" data-element_type=\"widget\" data-e-type=\"widget\" data-widget_type=\"text-editor.default\">\n\t\t\t\t<div class=\"elementor-widget-container\">\n\t\t\t\t\t\t\t\t\t<p><b>Bad Lauterberg. Eigentlich ist das Thema &#8222;Glasfaserausbau&#8220; in Bad Lauterberg ein alter Hut. Doch passiert ist bisher nichts. Aktuell stand der Tagesordnungspunkt \u201eGlasfaserausbau in Bad Lauterberg\u201c wieder auf dem Plan. Er wurde vorgezogen, damit Herr Merlin Becker, Regionalmanager der Telekom, im Auftrag der Glasfaser Plus (Partnerschaft von IFM und Telekom) seinen m\u00fcndlichen Vortrag gleich zu Beginn der Ratssitzung halten konnte. Herr Becker begann mit der erfreulichen Mitteilung, dass die Glasfaser Plus GmbH noch dieses Jahr mit dem Ausbau des Glasfasernetzes in Bad Lauterberg beginnen wird.<br \/><br \/><\/b><\/p><p>Leider kann dies aber nicht \u00fcberall geschehen. In einigen\u00a0<b>Stadtrandgebieten<\/b>\u00a0und in den\u00a0<b>Ortsteilen<\/b>\u00a0muss zun\u00e4chst eine andere Finanzierung sichergestellt werden, da in diesen\u00a0Bereichen kein\u00a0<b>sogenannter eigenwirtschaftlicher Ausbau<\/b>\u00a0m\u00f6glich ist. Wie diese Gebiete versorgt werden k\u00f6nnen, darum m\u00fcsste sich die Stadt zun\u00e4chst selbst bem\u00fchen. Die bisher geplanten Anschl\u00fcsse werden kostenfrei bis an die H\u00e4user verlegt, sofern daf\u00fcr ein Interesse besteht. Ob die\u00a0<b><i>Deutsche Glasfaser<\/i><\/b>\u00a0in absehbarer Zeit auch einen Ausbau beginnen wird, wusste weder der\u00a0<b>B\u00fcrgermeister<\/b>\u00a0noch Herr\u00a0<b>Becker.<\/b>\u00a0Auch die Frage, ob bereits geschlossene\u00a0Vertr\u00e4ge\u00a0mit der\u00a0<b><i>Deutschen Glasfaser<\/i><\/b>\u00a0bei einem Anschluss durch\u00a0<b>Glasfaser Plus<\/b>\u00a0automatisch enden, konnte nicht beantwortet werden.<br \/><br \/><\/p><p>Eine weitere Aussprache des Rates zu dem Thema folgte dann erst nach der \u00f6ffentlichen Ratssitzung, da eine Beratung zum Thema nicht auf der Tagesordnung stand. Die\u00a0<b>W\u00e4hlergruppe im Rat (WgiR<\/b>) regte an, dass sich die Stadt (endlich) in Verbindung mit dem Landkreis sofort um eine\u00a0<b>F\u00f6rderung bem\u00fchen<\/b>\u00a0soll, damit der beginnende Ausbau am Ende das gesamte Stadtgebiet, also auch die Ortsteile und Stadtrandlagen, versorgt. Da zun\u00e4chst seitens der Verwaltung nur eine z\u00f6gerliche Reaktion zu erkennen war, k\u00fcndigte der Fraktionsvorsitzende der WgiR\u00a0<b>Volker Hahn<\/b>\u00a0einen schriftlichen Antrag dazu an und forderte den B\u00fcrgermeister auf, einen zeitnahen Beschluss herbeizuf\u00fchren. Sehr \u00e4rgerlich ist, dass man sich bisher nur auf die\u00a0<b><i>Deutsche Glasfaser<\/i><\/b>\u00a0verlassen hat und keine eigenen Bestrebungen f\u00fcr einen Ausbau stattfanden.<br \/><br \/><\/p><p><b>Einwohnerbefragung zu PV-Anlagen, Agri-PV und Windkraft<\/b><br \/>Da bereits im Vorfeld sehr viel \u00fcber den CDU-Antrag f\u00fcr die Durchf\u00fchrung einer Einwohnerbefragung diskutiert und dieser erneut nachgebessert wurde, gab es nun einen schnellen Beschluss. Wie von der\u00a0<b>WgiR\u00a0<\/b>angeregt, wird es in\u00a0<b>jedem Ortsteil<\/b>\u00a0eine\u00a0<b>unterschiedliche Befragung\u00a0<\/b>geben. Die von den Ortsr\u00e4ten Osterhagen und Bartolfelde erarbeiteten Fragen werden aber zus\u00e4tzlich auf die allgemeinen Frageb\u00f6gen eingef\u00fcgt. Der B\u00fcrgermeister ist der Meinung, dass die Ortsr\u00e4te keine eigene Einwohnerbefragung beschlie\u00dfen d\u00fcrfen. Ohne das weiter zu pr\u00fcfen waren die Ortsr\u00e4te mit diesem Kompromiss zufrieden. Die Einwohnerbefragung wird am\u00a0<b>14.06.2026<\/b>\u00a0stattfinden.<br \/><br \/><\/p><p><b>\u00c4nderung der Gesch\u00e4ftsordnung<\/b><br \/>Auch der Tagesordnungspunkt \u201e\u00c4nderung der Gesch\u00e4ftsordnung des Rates&#8220; konnte z\u00fcgig abgehandelt werden. Die SPD hatte beantragt, dass die Inhalte der Einwohnerfragestunde zuk\u00fcnftig wieder in das Protokoll der Ratssitzung aufgenommen werden. Das war fr\u00fcher immer so und die damalige \u00c4nderung hatte die\u00a0<b>WgiR abgelehnt<\/b>. Jetzt wieder zur alten Praxis zur\u00fcckzukehren, fand nat\u00fcrlich die Zustimmung der\u00a0<b>WgiR<\/b>.<\/p>\t\t\t\t\t\t\t\t<\/div>\n\t\t\t\t<\/div>\n\t\t\t\t\t<\/div>\n\t\t<\/div>\n\t\t\t\t\t<\/div>\n\t\t<\/section>\n\t\t\t\t<\/div>\n\t\t","protected":false},"excerpt":{"rendered":"<p>Bad Lauterberg. Eigentlich ist das Thema &#8222;Glasfaserausbau&#8220; in Bad Lauterberg ein alter Hut. Doch passiert ist bisher nichts. Aktuell stand<\/p>\n","protected":false},"author":13,"featured_media":8004,"comment_status":"closed","ping_status":"open","sticky":false,"template":"","format":"standard","meta":{"colormag_page_container_layout":"default_layout","colormag_page_sidebar_layout":"default_layout","footnotes":""},"categories":[146],"tags":[],"class_list":["post-7993","post","type-post","status-publish","format-standard","has-post-thumbnail","hentry","category-bad-lauterberg"],"magazineBlocksPostFeaturedMedia":{"thumbnail":"https:\/\/i0.wp.com\/www.wgir.de\/wp-content\/uploads\/2026\/03\/2026_03_03.jpg?resize=150%2C150&ssl=1","medium":"https:\/\/i0.wp.com\/www.wgir.de\/wp-content\/uploads\/2026\/03\/2026_03_03.jpg?fit=310%2C207&ssl=1","medium_large":"https:\/\/i0.wp.com\/www.wgir.de\/wp-content\/uploads\/2026\/03\/2026_03_03.jpg?fit=768%2C512&ssl=1","large":"https:\/\/i0.wp.com\/www.wgir.de\/wp-content\/uploads\/2026\/03\/2026_03_03.jpg?fit=800%2C534&ssl=1","1536x1536":"https:\/\/i0.wp.com\/www.wgir.de\/wp-content\/uploads\/2026\/03\/2026_03_03.jpg?fit=1200%2C800&ssl=1","2048x2048":"https:\/\/i0.wp.com\/www.wgir.de\/wp-content\/uploads\/2026\/03\/2026_03_03.jpg?fit=1200%2C800&ssl=1","colormag-highlighted-post":"https:\/\/i0.wp.com\/www.wgir.de\/wp-content\/uploads\/2026\/03\/2026_03_03.jpg?resize=392%2C272&ssl=1","colormag-featured-post-medium":"https:\/\/i0.wp.com\/www.wgir.de\/wp-content\/uploads\/2026\/03\/2026_03_03.jpg?resize=390%2C205&ssl=1","colormag-featured-post-small":"https:\/\/i0.wp.com\/www.wgir.de\/wp-content\/uploads\/2026\/03\/2026_03_03.jpg?resize=130%2C90&ssl=1","colormag-featured-image":"https:\/\/i0.wp.com\/www.wgir.de\/wp-content\/uploads\/2026\/03\/2026_03_03.jpg?resize=800%2C445&ssl=1","colormag-default-news":"https:\/\/i0.wp.com\/www.wgir.de\/wp-content\/uploads\/2026\/03\/2026_03_03.jpg?resize=150%2C150&ssl=1","colormag-featured-image-large":"https:\/\/i0.wp.com\/www.wgir.de\/wp-content\/uploads\/2026\/03\/2026_03_03.jpg?resize=1200%2C600&ssl=1","colormag-elementor-block-extra-large-thumbnail":"https:\/\/i0.wp.com\/www.wgir.de\/wp-content\/uploads\/2026\/03\/2026_03_03.jpg?resize=1155%2C480&ssl=1","colormag-elementor-grid-large-thumbnail":"https:\/\/i0.wp.com\/www.wgir.de\/wp-content\/uploads\/2026\/03\/2026_03_03.jpg?resize=600%2C417&ssl=1","colormag-elementor-grid-small-thumbnail":"https:\/\/i0.wp.com\/www.wgir.de\/wp-content\/uploads\/2026\/03\/2026_03_03.jpg?resize=285%2C450&ssl=1","colormag-elementor-grid-medium-large-thumbnail":"https:\/\/i0.wp.com\/www.wgir.de\/wp-content\/uploads\/2026\/03\/2026_03_03.jpg?resize=575%2C198&ssl=1"},"magazineBlocksPostAuthor":{"name":"Bernd Jackisch","avatar":"https:\/\/secure.gravatar.com\/avatar\/39fd8a70350c275e00408d246f8f53c72f82cbc907d87f31f636c144497b6b08?s=96&d=mm&r=g"},"magazineBlocksPostCommentsNumber":false,"magazineBlocksPostExcerpt":"Bad Lauterberg. Eigentlich ist das Thema &#8222;Glasfaserausbau&#8220; in Bad Lauterberg ein alter Hut. Doch passiert ist bisher nichts. Aktuell stand","magazineBlocksPostCategories":["Bad Lauterberg"],"magazineBlocksPostViewCount":43,"magazineBlocksPostReadTime":3,"magazine_blocks_featured_image_url":{"full":["https:\/\/i0.wp.com\/www.wgir.de\/wp-content\/uploads\/2026\/03\/2026_03_03.jpg?fit=1200%2C800&ssl=1",1200,800,false],"medium":["https:\/\/i0.wp.com\/www.wgir.de\/wp-content\/uploads\/2026\/03\/2026_03_03.jpg?fit=310%2C207&ssl=1",310,207,true],"thumbnail":["https:\/\/i0.wp.com\/www.wgir.de\/wp-content\/uploads\/2026\/03\/2026_03_03.jpg?resize=150%2C150&ssl=1",150,150,true]},"magazine_blocks_author":{"display_name":"Bernd Jackisch","author_link":"https:\/\/www.wgir.de\/?author=13"},"magazine_blocks_comment":0,"magazine_blocks_author_image":"https:\/\/secure.gravatar.com\/avatar\/39fd8a70350c275e00408d246f8f53c72f82cbc907d87f31f636c144497b6b08?s=96&d=mm&r=g","magazine_blocks_category":"<a href=\"#\" class=\"category-link category-link-146\">Bad Lauterberg<\/a>","videoUrl":"","_links":{"self":[{"href":"https:\/\/www.wgir.de\/index.php?rest_route=\/wp\/v2\/posts\/7993","targetHints":{"allow":["GET"]}}],"collection":[{"href":"https:\/\/www.wgir.de\/index.php?rest_route=\/wp\/v2\/posts"}],"about":[{"href":"https:\/\/www.wgir.de\/index.php?rest_route=\/wp\/v2\/types\/post"}],"author":[{"embeddable":true,"href":"https:\/\/www.wgir.de\/index.php?rest_route=\/wp\/v2\/users\/13"}],"replies":[{"embeddable":true,"href":"https:\/\/www.wgir.de\/index.php?rest_route=%2Fwp%2Fv2%2Fcomments&post=7993"}],"version-history":[{"count":0,"href":"https:\/\/www.wgir.de\/index.php?rest_route=\/wp\/v2\/posts\/7993\/revisions"}],"wp:featuredmedia":[{"embeddable":true,"href":"https:\/\/www.wgir.de\/index.php?rest_route=\/wp\/v2\/media\/8004"}],"wp:attachment":[{"href":"https:\/\/www.wgir.de\/index.php?rest_route=%2Fwp%2Fv2%2Fmedia&parent=7993"}],"wp:term":[{"taxonomy":"category","embeddable":true,"href":"https:\/\/www.wgir.de\/index.php?rest_route=%2Fwp%2Fv2%2Fcategories&post=7993"},{"taxonomy":"post_tag","embeddable":true,"href":"https:\/\/www.wgir.de\/index.php?rest_route=%2Fwp%2Fv2%2Ftags&post=7993"}],"curies":[{"name":"wp","href":"https:\/\/api.w.org\/{rel}","templated":true}]}}