{"id":7985,"date":"2026-02-24T21:54:46","date_gmt":"2026-02-24T21:54:46","guid":{"rendered":"https:\/\/www.wgir.de\/?p=7985"},"modified":"2026-03-04T22:14:34","modified_gmt":"2026-03-04T22:14:34","slug":"resonanz-der-informationsveranstaltung-war-riesig","status":"publish","type":"post","link":"https:\/\/www.wgir.de\/?p=7985","title":{"rendered":"Resonanz der Informationsveranstaltung war riesig"},"content":{"rendered":"\t\t<div data-elementor-type=\"wp-post\" data-elementor-id=\"7985\" class=\"elementor elementor-7985\">\n\t\t\t\t\t\t<section class=\"elementor-section elementor-top-section elementor-element elementor-element-21dfb36 elementor-section-boxed elementor-section-height-default elementor-section-height-default wpr-particle-no wpr-jarallax-no wpr-parallax-no wpr-sticky-section-no wpr-column-slider-no wpr-equal-height-no\" data-id=\"21dfb36\" data-element_type=\"section\" data-e-type=\"section\">\n\t\t\t\t\t\t<div class=\"elementor-container elementor-column-gap-default\">\n\t\t\t\t\t<div class=\"elementor-column elementor-col-100 elementor-top-column elementor-element elementor-element-2df1b99\" data-id=\"2df1b99\" data-element_type=\"column\" data-e-type=\"column\">\n\t\t\t<div class=\"elementor-widget-wrap elementor-element-populated\">\n\t\t\t\t\t\t<div class=\"elementor-element elementor-element-10e02ac elementor-widget elementor-widget-text-editor\" data-id=\"10e02ac\" data-element_type=\"widget\" data-e-type=\"widget\" data-widget_type=\"text-editor.default\">\n\t\t\t\t<div class=\"elementor-widget-container\">\n\t\t\t\t\t\t\t\t\t<p><b>Osterhagen. Die Informationsveranstaltung am 19.02.2026 zum Thema &#8222;Windkraftanlagen&#8220;, die in den Gemarkungen Barbis und Bartolfelde gebaut und auch die Belange der Ortschaft Osterhagen ber\u00fchren, war mehr als nur gut besucht. Das Dorfgemeinschaftshaus Osterhagen war voll besetzt, es mussten sogar noch Besucher an der Seite stehen<\/b>.<br \/><br \/><\/p><p>Der\u00a0<b>Projektleiter Ingo Haschenburger\u00a0<\/b>von der\u00a0<b>Firma Orsted<\/b>\u00a0und der\u00a0<b>Bauamtsleiter Andreas B\u00e4hnsch<\/b>\u00a0begr\u00fc\u00dften die Besucher.\u00a0<b><i>Der Bad Lauterberger B\u00fcrgermeister Rolf Lange lie\u00df sich entschuldigen!<br \/><\/i><\/b><br \/>Seinen Vortrag startete der Projektleiter mit einer Vorstellung seiner Firma und gab dann einen\u00a0<b>\u00dcberblick zur Planung<\/b>\u00a0und zum gegenw\u00e4rtigen\u00a0<b>Sachstand<\/b>. Dabei stellte er heraus, dass es derzeit\u00a0<b>nur<\/b>\u00a0um die\u00a0<b>Planung der Fl\u00e4chen<\/b>\u00a0geht. Im Anschluss an seinen Vortrag beantwortete er sehr kompetent, ruhig und geduldig alle, auch die etwas provokant gestellten Fragen.<br \/><br \/>Danach erl\u00e4uterte der\u00a0<b>Bauamtsleiter<\/b>\u00a0die bisherigen Abl\u00e4ufe noch einmal aus\u00a0<b>seiner<\/b>\u00a0bzw. aus\u00a0<b>Verwaltungssicht.<\/b>\u00a0Wieder wurde darauf hingewiesen, dass doch\u00a0<b>rechtzeitig informiert\u00a0<\/b>worden sei und schlie\u00dflich die &#8222;Politik&#8220; f\u00fcr die Beschl\u00fcsse zust\u00e4ndig sei.<br \/><br \/><b><i>Damit gaben sich aber einige Einwohner nicht zufrieden und kritisierten das Verfahren als unzureichend<\/i><\/b>. Bei jeder Bundes- oder Landtagswahl traut man den B\u00fcrgern zu, zwei entscheidende Kreuze zu machen. Hier aber werden die Einwohner nicht f\u00fcr kompetent erachtet,<b>\u00a0vor dem Aufstellungsbeschluss ihre Meinung einzubringen<\/b>.<b><i>\u00a0Man zwingt sie dazu, dies schriftlich in einem bereits laufenden\u00a0Verfahren\u00a0tun zu m\u00fcssen<\/i><\/b>.<br \/><br \/>Eine Einwohnerin brachte die Sache auf den Punkt. Solche Veranstaltungen h\u00e4tten\u00a0<b>viel fr\u00fcher<\/b>\u00a0stattfinden m\u00fcssen, um uns die Gelegenheit zu geben, unseren gew\u00e4hlten\u00a0<b>Ortsrat-, Verwaltungsausschuss- und Rats- Mitgliedern\u00a0<\/b>zu sagen, was wir von einem solchen Beschluss halten.<br \/><br \/>Daf\u00fcr gab es viel Beifall, was nur unterstreicht, dass sehr viele Einwohner mit dem gesamten Verfahren und den Abl\u00e4ufen der Planungen f\u00fcr\u00a0<b>PV-, Agri PV und Windkraft<\/b>\u00a0h\u00f6chst unzufrieden sind. Da stellt sich die Frage, ob hier mit dem Willen f\u00fcr eine fr\u00fchzeitigen Beteiligung der \u00d6ffentlichkeit agiert wurde?<br \/><br \/><b><i>Ganz offensichtlich hat der B\u00fcrgermeister die Tragweite der geplanten Wind- und PV-Anlagen falsch eingesch\u00e4tz<\/i><\/b>t. Die Belange der Einwohner von den Ortsteilen jedenfalls scheinen bei seinem Agieren keinen hohen Stellenwert zu haben.\u00a0<b><i>Sonst w\u00e4re ihm ein schnelles Verfahren nicht wichtiger als die Anh\u00f6rungsrechte der Ortsr\u00e4te und die Belange seiner Einwohner?<br \/><\/i><\/b><br \/>Seine Argumentation, dass es hier um Projekte ginge, die \u00fcber die Belange der Ortsteile hinausgehen, scheint aber zumindest beim Thema Windkraft nicht zutreffend zu sein. Der Projektierer selbst hat auf Nachfrage erkl\u00e4rt, dass seine Firma durchaus auch\u00a0<b>weniger Anlage<\/b>n bauen w\u00fcrde, falls &#8211; aus welchen Gr\u00fcnden auch immer &#8211;\u00a0<b>einige nicht realisiert werden k\u00f6nnten<\/b>. Folglich k\u00f6nnten z.B. auch nur in einem Ortsteil Anlagen geplant werden.<br \/><br \/>Auch der zuvor vom B\u00fcrgermeister genannte \u00a7 94 Absatz 2 NkomVG, in dem eine\u00a0<b>Anh\u00f6rung der Ortsr\u00e4te<\/b>\u00a0auch sp\u00e4ter erfolgen kann (nicht muss!!), ist\u00a0<b>nicht zutreffend<\/b>. In die Hauptsatzung der Stadt wurde der 2. Absatz nicht mit aufgenommen und d\u00fcrfte deshalb auch\u00a0<b>keine Anwendung\u00a0<\/b>finden.\u00a0<b><i>Somit h\u00e4tte die Anh\u00f6rung der drei Ortsr\u00e4te vor dem Aufstellungsbeschluss erfolgen m\u00fcssen.\u00a0<\/i><\/b>Und wieder fragt man sich, warum der B\u00fcrgermeister nicht konsequent die Interessen der Einwohner nach vorn stellt?<br \/><br \/>Auf die Frage einer Einwohnerin, warum die Verwaltung so viel Zeit f\u00fcr eine Planung aufbringt, ohne sich sicher zu sein, dass es am Ende \u00fcberhaupt zu einer Umsetzung bzw. zu einer \u00c4nderung des Bebauungsplans kommen wird, wusste der Bauamtsleiter dann auch\u00a0<b>keine Antwort<\/b>\u00a0mehr.<br \/><br \/>Hier noch eine Anmerkung: Fl\u00e4chennutzungspl\u00e4ne sollen zwar m\u00f6glichst f\u00fcr die gesamte Gemeinde aufgestellt werden, doch das muss nicht immer so sein! Gerade bei Planungen von erneuerbaren Energieanlagen werden inzwischen f\u00fcr bestimmte Gebiete innerhalb einer Gemeinde gesonderte Fl\u00e4chennutzungspl\u00e4ne aufgestellt. Dies w\u00e4re durchaus auch hier m\u00f6glich, wurde aber von der Verwaltung nie in Betracht gezogen.\u00a0<br \/><b><i>Auch hier fragt man sich, ob lieber einfach und schnell, anstatt b\u00fcrgergerecht und mit hoher Akzeptanz gehandelt wird?<\/i><\/b><\/p>\t\t\t\t\t\t\t\t<\/div>\n\t\t\t\t<\/div>\n\t\t\t\t\t<\/div>\n\t\t<\/div>\n\t\t\t\t\t<\/div>\n\t\t<\/section>\n\t\t\t\t<\/div>\n\t\t","protected":false},"excerpt":{"rendered":"<p>Osterhagen. Die Informationsveranstaltung am 19.02.2026 zum Thema &#8222;Windkraftanlagen&#8220;, die in den Gemarkungen Barbis und Bartolfelde gebaut und auch die Belange<\/p>\n","protected":false},"author":13,"featured_media":7992,"comment_status":"closed","ping_status":"open","sticky":false,"template":"","format":"standard","meta":{"colormag_page_container_layout":"default_layout","colormag_page_sidebar_layout":"default_layout","footnotes":""},"categories":[149],"tags":[],"class_list":["post-7985","post","type-post","status-publish","format-standard","has-post-thumbnail","hentry","category-osterhagen"],"magazineBlocksPostFeaturedMedia":{"thumbnail":"https:\/\/i0.wp.com\/www.wgir.de\/wp-content\/uploads\/2026\/03\/2026_03_01.jpg?resize=150%2C150&ssl=1","medium":"https:\/\/i0.wp.com\/www.wgir.de\/wp-content\/uploads\/2026\/03\/2026_03_01.jpg?fit=310%2C207&ssl=1","medium_large":"https:\/\/i0.wp.com\/www.wgir.de\/wp-content\/uploads\/2026\/03\/2026_03_01.jpg?fit=768%2C512&ssl=1","large":"https:\/\/i0.wp.com\/www.wgir.de\/wp-content\/uploads\/2026\/03\/2026_03_01.jpg?fit=800%2C534&ssl=1","1536x1536":"https:\/\/i0.wp.com\/www.wgir.de\/wp-content\/uploads\/2026\/03\/2026_03_01.jpg?fit=1499%2C1000&ssl=1","2048x2048":"https:\/\/i0.wp.com\/www.wgir.de\/wp-content\/uploads\/2026\/03\/2026_03_01.jpg?fit=1499%2C1000&ssl=1","colormag-highlighted-post":"https:\/\/i0.wp.com\/www.wgir.de\/wp-content\/uploads\/2026\/03\/2026_03_01.jpg?resize=392%2C272&ssl=1","colormag-featured-post-medium":"https:\/\/i0.wp.com\/www.wgir.de\/wp-content\/uploads\/2026\/03\/2026_03_01.jpg?resize=390%2C205&ssl=1","colormag-featured-post-small":"https:\/\/i0.wp.com\/www.wgir.de\/wp-content\/uploads\/2026\/03\/2026_03_01.jpg?resize=130%2C90&ssl=1","colormag-featured-image":"https:\/\/i0.wp.com\/www.wgir.de\/wp-content\/uploads\/2026\/03\/2026_03_01.jpg?resize=800%2C445&ssl=1","colormag-default-news":"https:\/\/i0.wp.com\/www.wgir.de\/wp-content\/uploads\/2026\/03\/2026_03_01.jpg?resize=150%2C150&ssl=1","colormag-featured-image-large":"https:\/\/i0.wp.com\/www.wgir.de\/wp-content\/uploads\/2026\/03\/2026_03_01.jpg?resize=1400%2C600&ssl=1","colormag-elementor-block-extra-large-thumbnail":"https:\/\/i0.wp.com\/www.wgir.de\/wp-content\/uploads\/2026\/03\/2026_03_01.jpg?resize=1155%2C480&ssl=1","colormag-elementor-grid-large-thumbnail":"https:\/\/i0.wp.com\/www.wgir.de\/wp-content\/uploads\/2026\/03\/2026_03_01.jpg?resize=600%2C417&ssl=1","colormag-elementor-grid-small-thumbnail":"https:\/\/i0.wp.com\/www.wgir.de\/wp-content\/uploads\/2026\/03\/2026_03_01.jpg?resize=285%2C450&ssl=1","colormag-elementor-grid-medium-large-thumbnail":"https:\/\/i0.wp.com\/www.wgir.de\/wp-content\/uploads\/2026\/03\/2026_03_01.jpg?resize=575%2C198&ssl=1"},"magazineBlocksPostAuthor":{"name":"Bernd Jackisch","avatar":"https:\/\/secure.gravatar.com\/avatar\/39fd8a70350c275e00408d246f8f53c72f82cbc907d87f31f636c144497b6b08?s=96&d=mm&r=g"},"magazineBlocksPostCommentsNumber":false,"magazineBlocksPostExcerpt":"Osterhagen. Die Informationsveranstaltung am 19.02.2026 zum Thema &#8222;Windkraftanlagen&#8220;, die in den Gemarkungen Barbis und Bartolfelde gebaut und auch die Belange","magazineBlocksPostCategories":["Osterhagen"],"magazineBlocksPostViewCount":67,"magazineBlocksPostReadTime":4,"magazine_blocks_featured_image_url":{"full":["https:\/\/i0.wp.com\/www.wgir.de\/wp-content\/uploads\/2026\/03\/2026_03_01.jpg?fit=1499%2C1000&ssl=1",1499,1000,false],"medium":["https:\/\/i0.wp.com\/www.wgir.de\/wp-content\/uploads\/2026\/03\/2026_03_01.jpg?fit=310%2C207&ssl=1",310,207,true],"thumbnail":["https:\/\/i0.wp.com\/www.wgir.de\/wp-content\/uploads\/2026\/03\/2026_03_01.jpg?resize=150%2C150&ssl=1",150,150,true]},"magazine_blocks_author":{"display_name":"Bernd Jackisch","author_link":"https:\/\/www.wgir.de\/?author=13"},"magazine_blocks_comment":0,"magazine_blocks_author_image":"https:\/\/secure.gravatar.com\/avatar\/39fd8a70350c275e00408d246f8f53c72f82cbc907d87f31f636c144497b6b08?s=96&d=mm&r=g","magazine_blocks_category":"<a href=\"#\" class=\"category-link category-link-149\">Osterhagen<\/a>","videoUrl":"","_links":{"self":[{"href":"https:\/\/www.wgir.de\/index.php?rest_route=\/wp\/v2\/posts\/7985","targetHints":{"allow":["GET"]}}],"collection":[{"href":"https:\/\/www.wgir.de\/index.php?rest_route=\/wp\/v2\/posts"}],"about":[{"href":"https:\/\/www.wgir.de\/index.php?rest_route=\/wp\/v2\/types\/post"}],"author":[{"embeddable":true,"href":"https:\/\/www.wgir.de\/index.php?rest_route=\/wp\/v2\/users\/13"}],"replies":[{"embeddable":true,"href":"https:\/\/www.wgir.de\/index.php?rest_route=%2Fwp%2Fv2%2Fcomments&post=7985"}],"version-history":[{"count":0,"href":"https:\/\/www.wgir.de\/index.php?rest_route=\/wp\/v2\/posts\/7985\/revisions"}],"wp:featuredmedia":[{"embeddable":true,"href":"https:\/\/www.wgir.de\/index.php?rest_route=\/wp\/v2\/media\/7992"}],"wp:attachment":[{"href":"https:\/\/www.wgir.de\/index.php?rest_route=%2Fwp%2Fv2%2Fmedia&parent=7985"}],"wp:term":[{"taxonomy":"category","embeddable":true,"href":"https:\/\/www.wgir.de\/index.php?rest_route=%2Fwp%2Fv2%2Fcategories&post=7985"},{"taxonomy":"post_tag","embeddable":true,"href":"https:\/\/www.wgir.de\/index.php?rest_route=%2Fwp%2Fv2%2Ftags&post=7985"}],"curies":[{"name":"wp","href":"https:\/\/api.w.org\/{rel}","templated":true}]}}