{"id":5723,"date":"2023-04-07T10:28:41","date_gmt":"2023-04-07T10:28:41","guid":{"rendered":"https:\/\/www.wgir.de\/?p=5723"},"modified":"2024-10-22T09:50:42","modified_gmt":"2024-10-22T09:50:42","slug":"jahreshauptversammlung-der-wgir","status":"publish","type":"post","link":"https:\/\/www.wgir.de\/?p=5723","title":{"rendered":"Jahreshauptversammlung der WgiR"},"content":{"rendered":"\t\t<div data-elementor-type=\"wp-post\" data-elementor-id=\"5723\" class=\"elementor elementor-5723\">\n\t\t\t\t\t\t<section class=\"elementor-section elementor-top-section elementor-element elementor-element-c4aad34 elementor-section-boxed elementor-section-height-default elementor-section-height-default wpr-particle-no wpr-jarallax-no wpr-parallax-no wpr-sticky-section-no wpr-column-slider-no wpr-equal-height-no\" data-id=\"c4aad34\" data-element_type=\"section\" data-e-type=\"section\">\n\t\t\t\t\t\t<div class=\"elementor-container elementor-column-gap-default\">\n\t\t\t\t\t<div class=\"elementor-column elementor-col-100 elementor-top-column elementor-element elementor-element-8dd7373\" data-id=\"8dd7373\" data-element_type=\"column\" data-e-type=\"column\">\n\t\t\t<div class=\"elementor-widget-wrap elementor-element-populated\">\n\t\t\t\t\t\t<div class=\"elementor-element elementor-element-0ddebd3 elementor-widget elementor-widget-text-editor\" data-id=\"0ddebd3\" data-element_type=\"widget\" data-e-type=\"widget\" data-widget_type=\"text-editor.default\">\n\t\t\t\t<div class=\"elementor-widget-container\">\n\t\t\t\t\t\t\t\t\t<p><strong><span style=\"font-family: arial, helvetica, sans-serif; font-size: 14pt;\">Jahreshauptversammlung der WgiR<\/span><\/strong><\/p><h1><span style=\"font-family: arial, helvetica, sans-serif; font-size: 12pt;\">R\u00fcck-und Ausblick der Vorsitzenden und des Fraktionsvorsitzenden<\/span><\/h1><p><span style=\"font-family: arial, helvetica, sans-serif;\">Mit guter Beteiligung der Mitglieder konnte die<b>\u00a0\u201eW\u00e4hlergruppe im Rat\u201c(WgiR)\u00a0<\/b>am letzten M\u00e4rzwochenende ihre Jahreshauptversammlung im Restaurant Olympia im Ortsteil Barbis durchf\u00fchren. Wie die\u00a0<b>Vereinsvorsitzende Julia Wiegand<\/b>\u00a0in ihrem Jahresbericht ausf\u00fchrte, verlief das Jahr 2022 ohne Wahlen und Unterschriftensammlungen f\u00fcr den Verein relativ ruhig. Durchgef\u00fchrt wurden unter anderen\u00a0<b>drei \u00f6ffentliche Stammtische\u00a0<\/b>in Osterhagen, Bartolfelde und Bad Lauterberg, au\u00dferdem wurde die\u00a0<b>Frauengruppe\u00a0<\/b>unter der Leitung von\u00a0<b>Manuela <\/b><b>Rusteberg\u00a0<\/b>gegr\u00fcndet. Als erfolgreichen Start wurde als erste Aktion eine Lesung mit Autor Hans-Joachim Wildner durchgef\u00fchrt. Am 19. April ist ein Lichtbildervortrag mit dem\u00a0 <b>Luchsprojektbeauftragten Ole Anders\u00a0<\/b>vom Nationalpark Harz geplant. Wie\u00a0<b>Julia Wiegand <\/b>vorausschauend anmerkte, wird die\u00a0<b>WgiR\u00a0<\/b>auch in diesem Jahr wieder \u00f6ffentliche Stammtische und Informationsabende f\u00fcr die B\u00fcrger der Stadt anbieten. Au\u00dferdem ist erstmals die Teilnahme am\u00a0<b>Sozialen Weihnachtsmarkt<\/b>\u00a0vorgesehen. Wie dazu\u00a0<b>Sabine Bode<\/b>\u00a0erl\u00e4uterte, habe sie mit\u00a0<b>Manuela Rusteberg<\/b>\u00a0an der Besprechung dazu teilgenommen und die Frauengruppe wird auf dem Weihnachtsmarkt voraussichtlich an einem Tag Kuchen und Pl\u00e4tzchen verkaufen. Der Erl\u00f6s wird f\u00fcr soziale Projekte gespendet.<\/span><\/p><h2><span style=\"font-family: arial, helvetica, sans-serif;\"><strong><span style=\"font-size: 12pt;\">Erfreulicher Kassenbericht<\/span><\/strong><\/span><\/h2><p><span style=\"font-family: arial, helvetica, sans-serif;\">\u00dcber einen sehr erfreulichen Kassenbericht konnte Schatzmeisterin\u00a0<b>Sabine Bode<\/b>\u00a0berichten. Nicht nur der Kassenbestand hat sich merklich\u00a0<b>erh\u00f6ht<\/b>, auch die Anzahl der Mitglieder blieb auf einem\u00a0<b>hohen Niveau<\/b>. Dank sprach die Schatzmeisterin den Sponsoren des Vereins aus. Neben Geldspenden hatte ein\u00a0<b>Bartolfelder Gesch\u00e4ftsmann<\/b>\u00a0beim dortigen Stammtisch f\u00fcr alle Anwesenden einen z\u00fcnftigen Imbiss bestellt. Auch\u00a0<b>Josef Riedel<\/b>\u00a0hatte wieder f\u00fcr die Jahre 2021 und 2022 die Annoncen f\u00fcr Weihnachts- und Neujahrsgr\u00fc\u00dfe im Harz Kurier finanziert.\u00a0<b>Siegfried Golla,<\/b>\u00a0der zusammen mit\u00a0<b>Sabine Ludewig<\/b>\u00a0die Kasse gepr\u00fcft hatte, bescheinigte der Schatzmeisterin eine schl\u00fcssige, saubere und sehr genaue Kassenf\u00fchrung und beantragte die Entlastung der Schatzmeisterin und des gesamten Vorstandes. Unter dem Beifall der Versammlung wurde diesem Antrag einstimmig stattgegeben. F\u00fcr die ausscheidende Sabine Ludewig wurde\u00a0<b>Raymund Berger<\/b>\u00a0als neuer Kassenpr\u00fcfer vorgeschlagen und einstimmig gew\u00e4hlt.<\/span><\/p><p>\u00a0<\/p><h2><strong><span style=\"font-family: arial, helvetica, sans-serif; font-size: 12pt;\">Bericht des Fraktionsvorsitzenden<\/span><\/strong><\/h2><p><span style=\"font-family: arial, helvetica, sans-serif;\">Ausf\u00fchrlich berichtete der\u00a0<b>WgiR-Fraktionsvorsitzende Volker Hahn<\/b>\u00a0\u00fcber das vergangene Jahr. Wie die anderen Fraktionsvorsitzenden sieht er die\u00a0<b>Erledigung von Antr\u00e4gen<\/b>\u00a0durch die Verwaltung sehr kritisch.\u00a0<b><i>Lange Zeit wurde nicht einmal eine Liste \u00fcber gestellte Antr\u00e4ge gef\u00fchrt.<\/i><\/b>\u00a0Nachdem dies auch die SPD inzwischen eingefordert hatte, wurde eine Auflistung an die Ratsmitglieder versandt. Daraus geht hervor, dass von den 63 gestellten Antr\u00e4gen dieser laufenden Periode &#8211; 2 von der BI &#8211; 10 von der FDP &#8211; 15 von der SPD und\u00a0<b>28 von der WgiR<\/b>\u00a0gestellt wurden. Die R\u00fccknahme von Antr\u00e4gen wird von der Verwaltung kritisch gesehen. Hier aber liegt die\u00a0<b>WgiR<\/b>\u00a0prozentual betrachtet im\u00a0<b>unteren Bereich.<\/b>\u00a0Als Gr\u00fcnde f\u00fcr die R\u00fccknahmen nannte er die bereits in der Ratssitzung erreichten Verst\u00e4ndigungen und abgegebene Zusicherungen.<\/span><br \/><span style=\"font-family: arial, helvetica, sans-serif;\">Insgesamt zeigt dies, dass die\u00a0<b>WgiR<\/b>\u00a0eine sehr\u00a0<b>aktive Fraktion<\/b>\u00a0hat, wobei man k\u00fcnftig nicht mehr so schnell Antr\u00e4ge zur\u00fcckziehen werde. Die\u00a0<b>WgiR<\/b>, so\u00a0<b>Volker Hahn<\/b>, wartet noch immer auf die f\u00fcr Herbst 2022 zugesagte weitere Beratung zu ihrem Antrag\u00a0<b>&#8222;\u00dcberarbeitung des Stadtleitbildes&#8220;.<\/b>\u00a0In dem sollen klare Ziele definiert werden, f\u00fcr die dann zweckgebundene Haushaltsmittel einzuplanen sind. So k\u00f6nnte fokussiert nach F\u00f6rdermitteln Ausschau gehalten und diese eingeworben werden. Gut sei, dass inzwischen auch die anderen Fraktionen im Stadtrat mehrere und klare Ziele einfordern. Auf jeden Fall, so der Fraktionsvorsitzende, wird die\u00a0<b>WgiR<\/b>\u00a0weiterhin eine\u00a0<b><i>starke \u00f6ffentliche und transparente Debatte im Rat einfordern<\/i><\/b>\u00a0und k\u00fcnftig weiterhin zu allen\u00a0<b><i>wichtigen Themen Pressemeldungen<\/i><\/b>\u00a0herausgeben. Dass diese durchaus Interesse bei den B\u00fcrger*innen finden, zeigt die hohe Abrufquote beim Internetportal \u201emyheimat\u201c, die in den vergangenen Monaten immer bei \u00fcber 5.000 Leser*innen lag.<br \/><br \/><\/span><\/p><h2><strong><span style=\"font-family: arial, helvetica, sans-serif; font-size: 12pt;\">Dank f\u00fcr ehrenamtliche Arbeit<\/span><\/strong><\/h2><p><span style=\"font-family: arial, helvetica, sans-serif;\">F\u00fcr eine \u00dcberraschung sorgte auf der harmonisch verlaufenen Versammlung noch der\u00a0<b>stellvertretende Vorsitzende Erwin M\u00fcller<\/b>. Er \u00fcberreichte an alle\u00a0<b>Vorstandsmitglieder, Rats-und Ortsratsmitglieder<\/b>\u00a0schmucke Schreibmappen mit dem Logo der WgiR, als Dank f\u00fcr die geleistete ehrenamtliche Mitarbeit.<\/span><\/p><p>\u00a0<\/p><p><span style=\"font-family: arial, helvetica, sans-serif;\">Zum Ende der Versammlung sprach der<b>\u00a0stellvertretende Barbiser Ortsb\u00fcrgermeister Ingo Fraatz\u00a0<\/b>noch einmal die\u00a0<b>Probleme<\/b>\u00a0am\u00a0<b>Bahnhaltepunkt Barbis<\/b>\u00a0an, zu dem die\u00a0<b>WgiR<\/b>\u00a0ja einen Antrag, unter anderem, auf Erweiterung der Parkpl\u00e4tze gestellt hatte.\u00a0<b>Ingo Fraatz<\/b>\u00a0erl\u00e4uterte die Eigentumsverh\u00e4ltnisse und die fehlende Kooperationsbereitschaft des Sch\u00fctzenvereins, sowie die bestehende Unklarheit zu einer Grundst\u00fccksausfahrt. Ein weiteres Problem besteht auch aufgrund eines fehlenden Ansprechpartners bei der DB. Ein Versammlungsbesucher merkte an, dass unabh\u00e4ngig von der Grundst\u00fccksausfahrt problemlos in Richtung Barbiser Bach etwa\u00a0<b>10 weitere Parkpl\u00e4tze<\/b>\u00a0geschaffen werden k\u00f6nnten. Der\u00a0<b>Fraktionsvorsitzende Volker Hahn<\/b>\u00a0erkl\u00e4rte, dass die Fraktion ihren Antrag zur Erweiterung des Parkplatzes nur wegen der\u00a0<b>ablehnenden Entscheidung<\/b> des Ortsrates zur\u00fcckgezogen hat. Dies aber nur schweren Herzen getan hat, da nunmehr wieder einmal die Chance auf eine rechtzeitige Teilnahme an einem <b>F\u00f6rderprogramm<\/b> vertan wurde. In einer solchen Angelegenheit sollte auch nicht der Sch\u00fctzenverein mit der DB Gespr\u00e4che\u00a0 f\u00fchren,\u00a0<b><i>das ist Aufgabe des B\u00fcrgermeisters.<\/i><\/b>\u00a0Den entlegenen Parkplatz hinter der Tankstelle als Pendlerparkplatz zu deklarieren wird den Senioren und Behinderten, welche h\u00e4ufig die DB nutzen,\u00a0<b>nicht gerecht<\/b>. Auch das zus\u00e4tzliche Aufstellen von Halteb\u00fcgel f\u00fcr Fahrr\u00e4der ist l\u00e4ngst nicht mehr zeitgem\u00e4\u00df. Besonders\u00a0<b>peinlich\u00a0<\/b>und unverst\u00e4ndlich war es, so Hahn, dass der B\u00fcrgermeister Rolf Lange bei der Ortsratssitzung in Barbis eine Antragsbegr\u00fcndung von ihm verhindert hat. Offensichtlich m\u00f6chte er, bzw. die Stadt sich nicht um diese Angelegenheit k\u00fcmmern. Den Umstand, dass auch der Parkplatz hinter der Tankstelle werktags bereits gut genutzt &#8211; ja manchmal sogar voll ausgelastet ist und deshalb jetzt schon lieber die Bahnkunden den k\u00fcrzeren Weg w\u00e4hlen und in der\u00a0<b>Hohle Gasse parken<\/b>, hat der B\u00fcrgermeister vermutlich nicht mit bedacht.<br \/><br \/><\/span><\/p><p><span style=\"font-family: arial, helvetica, sans-serif;\">Wie abschlie\u00dfend\u00a0<b>Siegfried Golla\u00a0<\/b>anmerkte, geh\u00f6rt der\u00a0<b>Barbiser Bach<\/b>\u00a0der Stadt Bad Lauterberg und der Rhumeverband sei mit der Unterhaltung beauftragt. Es kann aber nicht sein, dass den Anliegern erkl\u00e4rt wird, die angrenzenden Fl\u00e4chen am Bach sind\u00a0<b>\u00dcberschwemmungsgebiete.<\/b>\u00a0 Vielmehr hat die <b>Stadt Vorsorge\u00a0<\/b>f\u00fcr immer \u00f6fter eintretende\u00a0<b>Starkregenereignisse\u00a0<\/b>zu treffen. So m\u00fcsse er als Anlieger schon nach dreit\u00e4gigen normalen Regen die Pumpen anschmei\u00dfen, damit sein Keller nicht volll\u00e4uft.<\/span><br \/><span style=\"font-family: arial, helvetica, sans-serif;\"><br \/>Mit einem schmackhaften Imbiss, zu dem der WgiR-Vorstand einlud, wurde die harmonisch verlaufene Jahreshauptversammlung beendet.<\/span><\/p>\t\t\t\t\t\t\t\t<\/div>\n\t\t\t\t<\/div>\n\t\t\t\t\t<\/div>\n\t\t<\/div>\n\t\t\t\t\t<\/div>\n\t\t<\/section>\n\t\t\t\t<section class=\"elementor-section elementor-top-section elementor-element elementor-element-61fe363 elementor-section-boxed elementor-section-height-default elementor-section-height-default wpr-particle-no wpr-jarallax-no wpr-parallax-no wpr-sticky-section-no wpr-column-slider-no wpr-equal-height-no\" data-id=\"61fe363\" data-element_type=\"section\" data-e-type=\"section\">\n\t\t\t\t\t\t<div class=\"elementor-container elementor-column-gap-default\">\n\t\t\t\t\t<div class=\"elementor-column elementor-col-100 elementor-top-column elementor-element elementor-element-164ee48\" data-id=\"164ee48\" data-element_type=\"column\" data-e-type=\"column\">\n\t\t\t<div class=\"elementor-widget-wrap elementor-element-populated\">\n\t\t\t\t\t\t<div class=\"elementor-element elementor-element-15333c9 elementor-widget elementor-widget-image\" data-id=\"15333c9\" data-element_type=\"widget\" data-e-type=\"widget\" data-widget_type=\"image.default\">\n\t\t\t\t<div class=\"elementor-widget-container\">\n\t\t\t\t\t\t\t\t\t\t\t\t\t\t\t<img fetchpriority=\"high\" decoding=\"async\" width=\"800\" height=\"445\" src=\"https:\/\/i0.wp.com\/www.wgir.de\/wp-content\/uploads\/2023\/04\/jhv_2023_03.jpg?resize=800%2C445&amp;ssl=1\" class=\"attachment-colormag-featured-image size-colormag-featured-image wp-image-5730\" alt=\"\" srcset=\"https:\/\/i0.wp.com\/www.wgir.de\/wp-content\/uploads\/2023\/04\/jhv_2023_03.jpg?resize=800%2C445&amp;ssl=1 800w, https:\/\/i0.wp.com\/www.wgir.de\/wp-content\/uploads\/2023\/04\/jhv_2023_03.jpg?zoom=2&amp;resize=800%2C445&amp;ssl=1 1600w\" sizes=\"(max-width: 800px) 100vw, 800px\" \/>\t\t\t\t\t\t\t\t\t\t\t\t\t\t\t<\/div>\n\t\t\t\t<\/div>\n\t\t\t\t\t<\/div>\n\t\t<\/div>\n\t\t\t\t\t<\/div>\n\t\t<\/section>\n\t\t\t\t<\/div>\n\t\t","protected":false},"excerpt":{"rendered":"<p>Jahreshauptversammlung der WgiR R\u00fcck-und Ausblick der Vorsitzenden und des Fraktionsvorsitzenden Mit guter Beteiligung der Mitglieder konnte die&nbsp;\u201eW\u00e4hlergruppe im Rat\u201c(WgiR)&nbsp;am letzten<\/p>\n","protected":false},"author":13,"featured_media":5729,"comment_status":"closed","ping_status":"open","sticky":false,"template":"","format":"standard","meta":{"colormag_page_container_layout":"default_layout","colormag_page_sidebar_layout":"default_layout","footnotes":""},"categories":[160],"tags":[],"class_list":["post-5723","post","type-post","status-publish","format-standard","has-post-thumbnail","hentry","category-160"],"magazineBlocksPostFeaturedMedia":{"thumbnail":"https:\/\/i0.wp.com\/www.wgir.de\/wp-content\/uploads\/2023\/04\/jhv_2023_01.jpg?resize=150%2C150&ssl=1","medium":"https:\/\/i0.wp.com\/www.wgir.de\/wp-content\/uploads\/2023\/04\/jhv_2023_01.jpg?fit=310%2C207&ssl=1","medium_large":"https:\/\/i0.wp.com\/www.wgir.de\/wp-content\/uploads\/2023\/04\/jhv_2023_01.jpg?fit=768%2C512&ssl=1","large":"https:\/\/i0.wp.com\/www.wgir.de\/wp-content\/uploads\/2023\/04\/jhv_2023_01.jpg?fit=800%2C534&ssl=1","1536x1536":"https:\/\/i0.wp.com\/www.wgir.de\/wp-content\/uploads\/2023\/04\/jhv_2023_01.jpg?fit=1536%2C1024&ssl=1","2048x2048":"https:\/\/i0.wp.com\/www.wgir.de\/wp-content\/uploads\/2023\/04\/jhv_2023_01.jpg?fit=2048%2C1365&ssl=1","colormag-highlighted-post":"https:\/\/i0.wp.com\/www.wgir.de\/wp-content\/uploads\/2023\/04\/jhv_2023_01.jpg?resize=392%2C272&ssl=1","colormag-featured-post-medium":"https:\/\/i0.wp.com\/www.wgir.de\/wp-content\/uploads\/2023\/04\/jhv_2023_01.jpg?resize=390%2C205&ssl=1","colormag-featured-post-small":"https:\/\/i0.wp.com\/www.wgir.de\/wp-content\/uploads\/2023\/04\/jhv_2023_01.jpg?resize=130%2C90&ssl=1","colormag-featured-image":"https:\/\/i0.wp.com\/www.wgir.de\/wp-content\/uploads\/2023\/04\/jhv_2023_01.jpg?resize=800%2C445&ssl=1","colormag-default-news":"https:\/\/i0.wp.com\/www.wgir.de\/wp-content\/uploads\/2023\/04\/jhv_2023_01.jpg?resize=150%2C150&ssl=1","colormag-featured-image-large":"https:\/\/i0.wp.com\/www.wgir.de\/wp-content\/uploads\/2023\/04\/jhv_2023_01.jpg?resize=1400%2C600&ssl=1","colormag-elementor-block-extra-large-thumbnail":"https:\/\/i0.wp.com\/www.wgir.de\/wp-content\/uploads\/2023\/04\/jhv_2023_01.jpg?resize=1155%2C480&ssl=1","colormag-elementor-grid-large-thumbnail":"https:\/\/i0.wp.com\/www.wgir.de\/wp-content\/uploads\/2023\/04\/jhv_2023_01.jpg?resize=600%2C417&ssl=1","colormag-elementor-grid-small-thumbnail":"https:\/\/i0.wp.com\/www.wgir.de\/wp-content\/uploads\/2023\/04\/jhv_2023_01.jpg?resize=285%2C450&ssl=1","colormag-elementor-grid-medium-large-thumbnail":"https:\/\/i0.wp.com\/www.wgir.de\/wp-content\/uploads\/2023\/04\/jhv_2023_01.jpg?resize=575%2C198&ssl=1"},"magazineBlocksPostAuthor":{"name":"Bernd Jackisch","avatar":"https:\/\/secure.gravatar.com\/avatar\/39fd8a70350c275e00408d246f8f53c72f82cbc907d87f31f636c144497b6b08?s=96&d=mm&r=g"},"magazineBlocksPostCommentsNumber":false,"magazineBlocksPostExcerpt":"Jahreshauptversammlung der WgiR R\u00fcck-und Ausblick der Vorsitzenden und des Fraktionsvorsitzenden Mit guter Beteiligung der Mitglieder konnte die&nbsp;\u201eW\u00e4hlergruppe im Rat\u201c(WgiR)&nbsp;am letzten","magazineBlocksPostCategories":["2023"],"magazineBlocksPostViewCount":27,"magazineBlocksPostReadTime":6,"magazine_blocks_featured_image_url":{"full":["https:\/\/i0.wp.com\/www.wgir.de\/wp-content\/uploads\/2023\/04\/jhv_2023_01.jpg?fit=2048%2C1365&ssl=1",2048,1365,false],"medium":["https:\/\/i0.wp.com\/www.wgir.de\/wp-content\/uploads\/2023\/04\/jhv_2023_01.jpg?fit=310%2C207&ssl=1",310,207,true],"thumbnail":["https:\/\/i0.wp.com\/www.wgir.de\/wp-content\/uploads\/2023\/04\/jhv_2023_01.jpg?resize=150%2C150&ssl=1",150,150,true]},"magazine_blocks_author":{"display_name":"Bernd Jackisch","author_link":"https:\/\/www.wgir.de\/?author=13"},"magazine_blocks_comment":0,"magazine_blocks_author_image":"https:\/\/secure.gravatar.com\/avatar\/39fd8a70350c275e00408d246f8f53c72f82cbc907d87f31f636c144497b6b08?s=96&d=mm&r=g","magazine_blocks_category":"<a href=\"#\" class=\"category-link category-link-160\">2023<\/a>","videoUrl":"","_links":{"self":[{"href":"https:\/\/www.wgir.de\/index.php?rest_route=\/wp\/v2\/posts\/5723","targetHints":{"allow":["GET"]}}],"collection":[{"href":"https:\/\/www.wgir.de\/index.php?rest_route=\/wp\/v2\/posts"}],"about":[{"href":"https:\/\/www.wgir.de\/index.php?rest_route=\/wp\/v2\/types\/post"}],"author":[{"embeddable":true,"href":"https:\/\/www.wgir.de\/index.php?rest_route=\/wp\/v2\/users\/13"}],"replies":[{"embeddable":true,"href":"https:\/\/www.wgir.de\/index.php?rest_route=%2Fwp%2Fv2%2Fcomments&post=5723"}],"version-history":[{"count":0,"href":"https:\/\/www.wgir.de\/index.php?rest_route=\/wp\/v2\/posts\/5723\/revisions"}],"wp:featuredmedia":[{"embeddable":true,"href":"https:\/\/www.wgir.de\/index.php?rest_route=\/wp\/v2\/media\/5729"}],"wp:attachment":[{"href":"https:\/\/www.wgir.de\/index.php?rest_route=%2Fwp%2Fv2%2Fmedia&parent=5723"}],"wp:term":[{"taxonomy":"category","embeddable":true,"href":"https:\/\/www.wgir.de\/index.php?rest_route=%2Fwp%2Fv2%2Fcategories&post=5723"},{"taxonomy":"post_tag","embeddable":true,"href":"https:\/\/www.wgir.de\/index.php?rest_route=%2Fwp%2Fv2%2Ftags&post=5723"}],"curies":[{"name":"wp","href":"https:\/\/api.w.org\/{rel}","templated":true}]}}