{"id":5641,"date":"2023-02-27T09:36:53","date_gmt":"2023-02-27T09:36:53","guid":{"rendered":"https:\/\/www.wgir.de\/?p=5641"},"modified":"2026-08-13T03:22:00","modified_gmt":"2026-08-13T03:22:00","slug":"oeffentliche-ratssitzung-aus-sicht-der-wgir","status":"publish","type":"post","link":"https:\/\/www.wgir.de\/?p=5641","title":{"rendered":"<strong>\u00d6ffentliche Ratssitzung aus Sicht der WgiR<\/strong>"},"content":{"rendered":"\t\t<div data-elementor-type=\"wp-post\" data-elementor-id=\"5641\" class=\"elementor elementor-5641\">\n\t\t\t\t\t\t<section class=\"elementor-section elementor-top-section elementor-element elementor-element-ddd10ce elementor-section-boxed elementor-section-height-default elementor-section-height-default wpr-particle-no wpr-jarallax-no wpr-parallax-no wpr-sticky-section-no wpr-column-slider-no wpr-equal-height-no\" data-id=\"ddd10ce\" data-element_type=\"section\" data-e-type=\"section\">\n\t\t\t\t\t\t<div class=\"elementor-container elementor-column-gap-default\">\n\t\t\t\t\t<div class=\"elementor-column elementor-col-100 elementor-top-column elementor-element elementor-element-406488c\" data-id=\"406488c\" data-element_type=\"column\" data-e-type=\"column\">\n\t\t\t<div class=\"elementor-widget-wrap elementor-element-populated\">\n\t\t\t\t\t\t<div class=\"elementor-element elementor-element-bef848a elementor-widget elementor-widget-text-editor\" data-id=\"bef848a\" data-element_type=\"widget\" data-e-type=\"widget\" data-widget_type=\"text-editor.default\">\n\t\t\t\t<div class=\"elementor-widget-container\">\n\t\t\t\t\t\t\t\t\t<p><span style=\"font-size: 14pt;\"><strong><span style=\"font-family: arial, helvetica, sans-serif;\">\u00d6ffentliche Ratssitzung aus Sicht der WgiR<\/span><\/strong><\/span><\/p><p><span style=\"font-family: arial, helvetica, sans-serif; font-size: 12pt;\">Radfahrverbot \u2013 B\u00fcrgersteig wird gebaut \u2013 Bahnhaltepunkt \u2013 KiTa \u2013 Kastration- und Chippflicht<br \/><br \/><\/span><\/p><p><span style=\"font-family: arial, helvetica, sans-serif;\"><b>Bad Lauterberg.<\/b>\u00a0Einstimmig fasste der Stadtrat in der \u00f6ffentlichen Ratssitzung(23.02.2023) die Neufassung der\u00a0<b>\u201eVerordnung zur Aufrechterhaltung der \u00f6ffentlichen Sicherheit und Ordnung im Gebiet der Stadt Bad Lauterberg<\/b>\u201c sowie einer neuen Kurparkordnung. Darin enthalten ist die\u00a0<b>wesentliche Forderung<\/b>\u00a0der\u00a0<b>WgiR-Fraktion<\/b>, dass auch k\u00fcnftig das Befahren aller Kurparkwege mit\u00a0<b>Fahrr\u00e4dern, Pedelec, E-Bike, etc. verboten<\/b>\u00a0bleibt. Obwohl zuvor bereits im Kurpark neue Fahrradabstellpl\u00e4tze vor dem Haus des Gastes und der Gymnastikhalle und nicht z.B. in der Hauptstra\u00dfe gebaut wurden, m\u00fcssen die R\u00e4der auch k\u00fcnftig dorthin geschoben werden, um Spazierg\u00e4nger im Park nicht zu gef\u00e4hrden.<br \/><br \/><\/span><\/p><p><span style=\"font-family: arial, helvetica, sans-serif;\">Erfreut nahm die\u00a0<b>WgiR-Fraktion<\/b>\u00a0die Mitteilung des Verwaltungschefs auf, wonach der von der\u00a0<b>WgiR\u00a0<\/b>und dem\u00a0<b>Bartolfelder Ortsrat<\/b>\u00a0beantragte\u00a0<b>Bau\u00a0<\/b>des\u00a0<b>B\u00fcrgersteiges<\/b>\u00a0mit Beleuchtung in der\u00a0<b>Bartolfelder Stra\u00dfe<\/b>\u00a0in den Haushaltsplan<b>\u00a02024\/25<\/b>\u00a0aufgenommen wurde.<br \/><br \/><\/span><\/p><p><span style=\"font-family: arial, helvetica, sans-serif;\">Ungl\u00fccklich dagegen ist die\u00a0<b>W\u00e4hlergruppe im Rat\u00a0<\/b>dar\u00fcber, dass offenbar Bem\u00fchungen, die\u00a0<b>Ortsteile Osterhagen<\/b>\u00a0und\u00a0<b>Bartolfelde<\/b>\u00a0weiter zu entwickeln und ihnen eine deutlich verbesserte Anbindung an den Bahnverkehr zu erm\u00f6glichen, als Aprilscherz abgetan wurde. Abgesehen vom fehlenden Respekt gegen\u00fcber dem Antragsteller scheint es wohl doch so zu sein, dass einige Ratsmitglieder eine\u00a0<b>Stadtentwicklung nur f\u00fcr die Kernstad<\/b>t als sinnvoll erachten.\u00a0<b>Positiv<\/b>\u00a0allerdings sieht die WgiR die\u00a0<b>\u00c4u\u00dferung des B\u00fcrgermeisters<\/b>, dass sich der Ortsrat Osterhagen doch selbst um einen Bahnhaltepunkt bem\u00fchen soll.<b><i>\u00a0Dies wird nunmehr auch geschehen.\u00a0<\/i><\/b>Hauptsache er beschwert sich hinterher nicht wieder, dass solche Angelegenheit &#8222;Stadtsache&#8220; sei.<br \/><br \/><\/span><\/p><p><span style=\"font-family: arial, helvetica, sans-serif;\">Die \u00c4nderung des Fl\u00e4chennutzungsplanes und des Bebauungsplanes\u00a0<b>\u201eAugenquelle\u201c<\/b>\u00a0f\u00fcr den Bau einer neuen Kindertagesst\u00e4tte wurde von der\u00a0<b>kompletten WgiR-Fraktion abgelehnt,<\/b>\u00a0da sie nach wie vor das Grundst\u00fcck auf dem ehemaligen Hartplatz des SVL f\u00fcr v\u00f6llig ungeeignet h\u00e4lt. Zum einen ist der Platz bekannter Weise k\u00fchl und schattig gelegen und hat eine sehr enge Zufahrt, ua. auch f\u00fcr den Brandschutz. Der Rotgrand(Asche) des ehemaligen Fu\u00dfballplatzes muss aufwendig abgetragen und entsorgt werden, wegen nicht ausreichender L\u00f6schwasserversorgung ist der Bau einer Zisterne notwendig, zudem liegt der tiefliegende Bauplatz zur Lutter m\u00f6glicherweise im \u00dcberschwemmungsgebiet des Flusses, au\u00dferdem sehen die Planungen den Bau einer weiteren Fu\u00dfbr\u00fccke als Zuwegung zur Kita vor und f\u00fcr das Risiko durch umst\u00fcrzende B\u00e4ume soll die Stadt selbst haften. Unter dem Strich werden sich die veranschlagten Baukosten von ca. 4 Millionen Euro durch diese vielen Unw\u00e4gbarkeiten vermutlich wieder einmal ins Unermessliche steigern.\u00a0<b><i>Deshalb fordert die WigR weiterhin, die Bauma\u00dfnahme zu \u00fcberdenken und einen geeigneten Bauplatz im Gebiet der Stadt zu suchen<\/i><\/b>.<br \/><br \/><\/span><\/p><p><span style=\"font-family: arial, helvetica, sans-serif;\">Nachdem die\u00a0<b>WgiR-Fraktion<\/b>\u00a0bereits 2019 einen Antrag zur<b>\u00a0Einf\u00fchrung einer Kastrations-, Kennzeichnungs-und Registrierungspflicht<\/b>\u00a0gestellt hatte, folgte nun der Stadtrat Bad Lauterberg mit gro\u00dfer Mehrheit auf seiner j\u00fcngsten Ratssitzung dem erneuten Antrag. Mittlerweile wurde das Problem ja auch in unseren Nachbargemeinden geregelt und sogar im Kooperationsvertrag der Landesregierung verankert. Nur der als einziger im Stadtrat verbliebene BI-Ratsherrn Behling erkennt das Problem noch immer nicht. Mit alten Scheinargumenten, allesamt realit\u00e4tsfern und teilweise aus der Luft gegriffen, fand er bei den gr\u00f6\u00dferen Fraktionen von SPD und CDU aber kein Geh\u00f6r. Somit ist der Weg f\u00fcr die Verwaltung frei, m\u00f6glichst z\u00fcgig eine entsprechende Verordnung zu erstellen. Wie B\u00fcrgermeister Rolf Lange auf der Sitzung ausf\u00fchrte, hat er sich die Satzungen der Nachbarst\u00e4dte Bad Sachsa und Herzberg bereits angeschaut. Mit der Kastrations-, Kennzeichnungs-und Registrierungspflicht soll das sich allj\u00e4hrlich\u00a0<b>versch\u00e4rfende Tierleid\u00a0<\/b>durch eine unkontrollierte Vermehrung sowie die\u00a0<b>\u201eKatzenschwemme\u201c<\/b>\u00a0in den Tierheimen einged\u00e4mmt werden. <br \/><br \/>Die Vorsitzende des Tierschutzvereins Bad Lauterberg und Umgebung e.V.\u00a0<b>Helga Brille\u00a0<\/b>dankte in einem Gespr\u00e4ch nach der Ratssitzung dem Stadtrat f\u00fcr diese Verbesserung beim Tierschutz und brachte ihre Freude \u00fcber den Beschluss zum Ausdruck.<\/span><\/p>\t\t\t\t\t\t\t\t<\/div>\n\t\t\t\t<\/div>\n\t\t\t\t\t<\/div>\n\t\t<\/div>\n\t\t\t\t\t<\/div>\n\t\t<\/section>\n\t\t\t\t<\/div>\n\t\t","protected":false},"excerpt":{"rendered":"<p>\u00d6ffentliche Ratssitzung aus Sicht der WgiR Radfahrverbot \u2013 B\u00fcrgersteig wird gebaut \u2013 Bahnhaltepunkt \u2013 KiTa \u2013 Kastration- und Chippflicht Bad<\/p>\n","protected":false},"author":13,"featured_media":5650,"comment_status":"closed","ping_status":"open","sticky":false,"template":"","format":"standard","meta":{"colormag_page_container_layout":"default_layout","colormag_page_sidebar_layout":"default_layout","footnotes":""},"categories":[160,50],"tags":[],"class_list":["post-5641","post","type-post","status-publish","format-standard","has-post-thumbnail","hentry","category-160","category-archiv"],"magazineBlocksPostFeaturedMedia":{"thumbnail":"https:\/\/i0.wp.com\/www.wgir.de\/wp-content\/uploads\/2023\/02\/kurpark_neu.jpg?resize=150%2C150&ssl=1","medium":"https:\/\/i0.wp.com\/www.wgir.de\/wp-content\/uploads\/2023\/02\/kurpark_neu.jpg?fit=310%2C207&ssl=1","medium_large":"https:\/\/i0.wp.com\/www.wgir.de\/wp-content\/uploads\/2023\/02\/kurpark_neu.jpg?fit=768%2C512&ssl=1","large":"https:\/\/i0.wp.com\/www.wgir.de\/wp-content\/uploads\/2023\/02\/kurpark_neu.jpg?fit=800%2C534&ssl=1","1536x1536":"https:\/\/i0.wp.com\/www.wgir.de\/wp-content\/uploads\/2023\/02\/kurpark_neu.jpg?fit=1200%2C800&ssl=1","2048x2048":"https:\/\/i0.wp.com\/www.wgir.de\/wp-content\/uploads\/2023\/02\/kurpark_neu.jpg?fit=1200%2C800&ssl=1","colormag-highlighted-post":"https:\/\/i0.wp.com\/www.wgir.de\/wp-content\/uploads\/2023\/02\/kurpark_neu.jpg?resize=392%2C272&ssl=1","colormag-featured-post-medium":"https:\/\/i0.wp.com\/www.wgir.de\/wp-content\/uploads\/2023\/02\/kurpark_neu.jpg?resize=390%2C205&ssl=1","colormag-featured-post-small":"https:\/\/i0.wp.com\/www.wgir.de\/wp-content\/uploads\/2023\/02\/kurpark_neu.jpg?resize=130%2C90&ssl=1","colormag-featured-image":"https:\/\/i0.wp.com\/www.wgir.de\/wp-content\/uploads\/2023\/02\/kurpark_neu.jpg?resize=800%2C445&ssl=1","colormag-default-news":"https:\/\/i0.wp.com\/www.wgir.de\/wp-content\/uploads\/2023\/02\/kurpark_neu.jpg?resize=150%2C150&ssl=1","colormag-featured-image-large":"https:\/\/i0.wp.com\/www.wgir.de\/wp-content\/uploads\/2023\/02\/kurpark_neu.jpg?resize=1200%2C600&ssl=1","colormag-elementor-block-extra-large-thumbnail":"https:\/\/i0.wp.com\/www.wgir.de\/wp-content\/uploads\/2023\/02\/kurpark_neu.jpg?resize=1155%2C480&ssl=1","colormag-elementor-grid-large-thumbnail":"https:\/\/i0.wp.com\/www.wgir.de\/wp-content\/uploads\/2023\/02\/kurpark_neu.jpg?resize=600%2C417&ssl=1","colormag-elementor-grid-small-thumbnail":"https:\/\/i0.wp.com\/www.wgir.de\/wp-content\/uploads\/2023\/02\/kurpark_neu.jpg?resize=285%2C450&ssl=1","colormag-elementor-grid-medium-large-thumbnail":"https:\/\/i0.wp.com\/www.wgir.de\/wp-content\/uploads\/2023\/02\/kurpark_neu.jpg?resize=575%2C198&ssl=1"},"magazineBlocksPostAuthor":{"name":"Bernd Jackisch","avatar":"https:\/\/secure.gravatar.com\/avatar\/39fd8a70350c275e00408d246f8f53c72f82cbc907d87f31f636c144497b6b08?s=96&d=mm&r=g"},"magazineBlocksPostCommentsNumber":false,"magazineBlocksPostExcerpt":"\u00d6ffentliche Ratssitzung aus Sicht der WgiR Radfahrverbot \u2013 B\u00fcrgersteig wird gebaut \u2013 Bahnhaltepunkt \u2013 KiTa \u2013 Kastration- und Chippflicht Bad","magazineBlocksPostCategories":["2023","Archiv"],"magazineBlocksPostViewCount":24,"magazineBlocksPostReadTime":4,"magazine_blocks_featured_image_url":{"full":["https:\/\/i0.wp.com\/www.wgir.de\/wp-content\/uploads\/2023\/02\/kurpark_neu.jpg?fit=1200%2C800&ssl=1",1200,800,false],"medium":["https:\/\/i0.wp.com\/www.wgir.de\/wp-content\/uploads\/2023\/02\/kurpark_neu.jpg?fit=310%2C207&ssl=1",310,207,true],"thumbnail":["https:\/\/i0.wp.com\/www.wgir.de\/wp-content\/uploads\/2023\/02\/kurpark_neu.jpg?resize=150%2C150&ssl=1",150,150,true]},"magazine_blocks_author":{"display_name":"Bernd Jackisch","author_link":"https:\/\/www.wgir.de\/?author=13"},"magazine_blocks_comment":0,"magazine_blocks_author_image":"https:\/\/secure.gravatar.com\/avatar\/39fd8a70350c275e00408d246f8f53c72f82cbc907d87f31f636c144497b6b08?s=96&d=mm&r=g","magazine_blocks_category":"<a href=\"#\" class=\"category-link category-link-160\">2023<\/a> <a href=\"#\" class=\"category-link category-link-50\">Archiv<\/a>","videoUrl":"","_links":{"self":[{"href":"https:\/\/www.wgir.de\/index.php?rest_route=\/wp\/v2\/posts\/5641","targetHints":{"allow":["GET"]}}],"collection":[{"href":"https:\/\/www.wgir.de\/index.php?rest_route=\/wp\/v2\/posts"}],"about":[{"href":"https:\/\/www.wgir.de\/index.php?rest_route=\/wp\/v2\/types\/post"}],"author":[{"embeddable":true,"href":"https:\/\/www.wgir.de\/index.php?rest_route=\/wp\/v2\/users\/13"}],"replies":[{"embeddable":true,"href":"https:\/\/www.wgir.de\/index.php?rest_route=%2Fwp%2Fv2%2Fcomments&post=5641"}],"version-history":[{"count":1,"href":"https:\/\/www.wgir.de\/index.php?rest_route=\/wp\/v2\/posts\/5641\/revisions"}],"predecessor-version":[{"id":8532,"href":"https:\/\/www.wgir.de\/index.php?rest_route=\/wp\/v2\/posts\/5641\/revisions\/8532"}],"wp:featuredmedia":[{"embeddable":true,"href":"https:\/\/www.wgir.de\/index.php?rest_route=\/wp\/v2\/media\/5650"}],"wp:attachment":[{"href":"https:\/\/www.wgir.de\/index.php?rest_route=%2Fwp%2Fv2%2Fmedia&parent=5641"}],"wp:term":[{"taxonomy":"category","embeddable":true,"href":"https:\/\/www.wgir.de\/index.php?rest_route=%2Fwp%2Fv2%2Fcategories&post=5641"},{"taxonomy":"post_tag","embeddable":true,"href":"https:\/\/www.wgir.de\/index.php?rest_route=%2Fwp%2Fv2%2Ftags&post=5641"}],"curies":[{"name":"wp","href":"https:\/\/api.w.org\/{rel}","templated":true}]}}