{"id":5617,"date":"2023-01-24T07:27:01","date_gmt":"2023-01-24T07:27:01","guid":{"rendered":"https:\/\/www.wgir.de\/?p=5617"},"modified":"2026-08-13T03:22:43","modified_gmt":"2026-08-13T03:22:43","slug":"ein-kurpark-muss-erhalten-bleiben","status":"publish","type":"post","link":"https:\/\/www.wgir.de\/?p=5617","title":{"rendered":"WgiR erarbeitet neue Kurparkordnung &#8211; \u201eEin Kurpark muss erhalten bleiben\u201c"},"content":{"rendered":"\t\t<div data-elementor-type=\"wp-post\" data-elementor-id=\"5617\" class=\"elementor elementor-5617\">\n\t\t\t\t\t\t<section class=\"elementor-section elementor-top-section elementor-element elementor-element-4fbc793 elementor-section-boxed elementor-section-height-default elementor-section-height-default wpr-particle-no wpr-jarallax-no wpr-parallax-no wpr-sticky-section-no wpr-column-slider-no wpr-equal-height-no\" data-id=\"4fbc793\" data-element_type=\"section\" data-e-type=\"section\">\n\t\t\t\t\t\t<div class=\"elementor-container elementor-column-gap-default\">\n\t\t\t\t\t<div class=\"elementor-column elementor-col-100 elementor-top-column elementor-element elementor-element-1c08d24\" data-id=\"1c08d24\" data-element_type=\"column\" data-e-type=\"column\">\n\t\t\t<div class=\"elementor-widget-wrap elementor-element-populated\">\n\t\t\t\t\t\t<div class=\"elementor-element elementor-element-9762ee3 elementor-widget elementor-widget-text-editor\" data-id=\"9762ee3\" data-element_type=\"widget\" data-e-type=\"widget\" data-widget_type=\"text-editor.default\">\n\t\t\t\t<div class=\"elementor-widget-container\">\n\t\t\t\t\t\t\t\t\t<p><span style=\"font-family: arial, helvetica, sans-serif;\"><b>Bad Lauterberg. Der Kurpark von Bad Lauterberg hat bereits einige Verkleinerungen und allerlei Umgestaltungen erlebt. Doch zumindest ein kleiner Bereich des ehemaligen \u201eGro\u00dfen Kurparks\u201c sollte nach Vorstellung der W\u00e4hlergruppe im Rat (WgiR) als Ruhezone und R\u00fcckzugsbereich erhalten bleiben.<br \/><\/b><\/span><br \/><span style=\"font-family: arial, helvetica, sans-serif;\">Nachdem im sogenannten\u00a0<b>\u201ealten Kurpark\u201c<\/b>\u00a0unverst\u00e4ndlicher Weise vier kleinere\u00a0<b>Fu\u00dfballtore<\/b>\u00a0aufgestellt und gleich mehrere\u00a0<b>Fahrradparkpl\u00e4tze\u00a0<\/b>einbetoniert wurden, mahnte die\u00a0<b>WgiR\u00a0<\/b>diese Ma\u00dfnahmen kritisch an. Weder Radfahren noch das Betreten der Rasenfl\u00e4chen ist nach der noch g\u00fcltigen &#8222;Verordnung zur Aufrechterhaltung der \u00f6ffentlichen Sicherheit und Ordnung in der Stadt Bad Lauterberg\u201c bzw. gem. der Kurparkordnung erlaubt. Warum dann trotzdem Ma\u00dfnahmen durchgef\u00fchrt wurden,<b><i>\u00a0die solche unerlaubten Aktivit\u00e4ten zuk\u00fcnftig im Kurpark sogar noch f\u00f6rdern,<\/i><\/b>\u00a0dass versteht die WgiR nicht.<\/span><\/p><p><span style=\"font-family: arial, helvetica, sans-serif;\">Auf Nachfrage erkl\u00e4rte der B\u00fcrgermeister dazu, dass er da keine Probleme sehe. Doch richtig w\u00e4re es doch gewesen,\u00a0<b>vor den Bauma\u00dfnahmen<\/b>\u00a0\u00fcber die Verordnungslage zu sprechen und sich danach zu richten. Deshalb beantragt die\u00a0<b>WgiR<\/b>\u00a0die \u00dcberarbeitung der entsprechenden Vorschriften, um in Verbindung damit auch Klarheit \u00fcber die Nutzung der Parkanlage zu schaffen.<\/span><\/p><p><span style=\"font-family: arial, helvetica, sans-serif;\"><b><i>Die WgiR ist der Meinung, ein Kurpark &#8211; wenn auch nur ein verkleinerter &#8211; muss erhalten bleiben. Sicher w\u00fcrde sich ein innerst\u00e4dtischer Kurpark, der wenigstens noch einige Elemente eines klassischen Kurparks, wie Konzertmuschel, Wassertretstelle, Kurhaus, Trinkhalle und \u00e4hnliches aufweist, f\u00fcr die Rezertifizierung als Kneippheilbad positiv auswirken.<\/i><\/b><\/span><\/p><p><span style=\"font-family: arial, helvetica, sans-serif;\">Deshalb m\u00f6chte die WgiR auch eine\u00a0<b>klare Trennung<\/b>\u00a0zwischen den nunmehr bereits umgestalteten Bereichen, in dem\u00a0<b>Spiel-und Tennispl\u00e4tze, Minigolfanlage<\/b>\u00a0und\u00a0<b>Fitnessger\u00e4te<\/b>\u00a0vorhanden sind, und dem sogenannten\u00a0<b>\u201eAlten Kurpark\u201c<\/b>. Dies soll auch durch die Bezeichnungen\u00a0<b>&#8222;Stadtpark&#8220;<\/b>\u00a0und\u00a0<b>&#8222;Kurpark&#8220;\u00a0<\/b>zum Ausdruck kommen und entsprechend unterschiedlich geregelt werden.<\/span><\/p><p><span style=\"font-family: arial, helvetica, sans-serif;\">Dass entsprechend im Kurpark\u00a0<b>NICHT<\/b>\u00a0alle Aktivit\u00e4ten erlaubt sein k\u00f6nnen, ergibt sich somit von selbst. Wo Menschen\u00a0<b>Ruhe<\/b>\u00a0und\u00a0<b>unbeschwerte Entspannung<\/b>\u00a0suchen und ggf. in einer Art Wandelgang durch den Park spazieren, da sollten\u00a0<b>keine Fahrr\u00e4der<\/b>\u00a0oder \u00e4hnliche Fortbewegungsmittel\u00a0<b>herumfahren<\/b>\u00a0d\u00fcrfen und auch\u00a0<b>kein Fu\u00dfball\u00a0<\/b>gespielt werden.<\/span><\/p><p><span style=\"font-family: arial, helvetica, sans-serif;\">Anders hingegen im\u00a0<b>Stadtpark<\/b>. Dort, wo aktives Treiben stattfinden soll, w\u00e4re dies aber zumindest f\u00fcr Kinder bis 12 Jahren denkbar, so die\u00a0<b>WgiR<\/b>. Ansonsten aber sollten Radfahrer zum Schieben aufgefordert werden oder zum raschen Fortkommen den\u00a0<b>nahegelegenen Radweg<\/b> benutzen. <\/span><span style=\"font-family: arial, helvetica, sans-serif;\"><b><i>Keinesfalls sollten Radfahrer und E-Bikes durch den beruhigten Teil des Kurparks donnern d\u00fcrfen und dabei \u00e4ltere, zum Teil gehbehinderte und erholungssuchende G\u00e4ste gef\u00e4hrden.\u00a0<\/i><\/b><\/span><\/p><p><span style=\"font-family: arial, helvetica, sans-serif;\">Deshalb hat die\u00a0<b>WgiR<\/b>\u00a0gem\u00e4\u00df ihrer Ank\u00fcndigung auch entsprechende Entw\u00fcrfe zur \u00c4nderung der\u00a0<b><i>\u201eVerordnung zur Aufrechterhaltung der \u00f6ffentlichen Sicherheit und Ordnung\u201c<\/i><\/b>\u00a0und einer\u00a0<b><i>\u201eKurparkordnung\u201c<\/i><\/b>\u00a0der Verwaltung vorgelegt.<\/span><\/p>\t\t\t\t\t\t\t\t<\/div>\n\t\t\t\t<\/div>\n\t\t\t\t\t<\/div>\n\t\t<\/div>\n\t\t\t\t\t<\/div>\n\t\t<\/section>\n\t\t\t\t<\/div>\n\t\t","protected":false},"excerpt":{"rendered":"<p>Bad Lauterberg. Der Kurpark von Bad Lauterberg hat bereits einige Verkleinerungen und allerlei Umgestaltungen erlebt. Doch zumindest ein kleiner Bereich<\/p>\n","protected":false},"author":13,"featured_media":5627,"comment_status":"closed","ping_status":"open","sticky":false,"template":"elementor_theme","format":"standard","meta":{"colormag_page_container_layout":"default_layout","colormag_page_sidebar_layout":"default_layout","footnotes":""},"categories":[160,50],"tags":[],"class_list":["post-5617","post","type-post","status-publish","format-standard","has-post-thumbnail","hentry","category-160","category-archiv"],"magazineBlocksPostFeaturedMedia":{"thumbnail":"https:\/\/i0.wp.com\/www.wgir.de\/wp-content\/uploads\/2023\/01\/2023_01_24_kurpark.jpg?resize=150%2C150&ssl=1","medium":"https:\/\/i0.wp.com\/www.wgir.de\/wp-content\/uploads\/2023\/01\/2023_01_24_kurpark.jpg?fit=310%2C207&ssl=1","medium_large":"https:\/\/i0.wp.com\/www.wgir.de\/wp-content\/uploads\/2023\/01\/2023_01_24_kurpark.jpg?fit=768%2C512&ssl=1","large":"https:\/\/i0.wp.com\/www.wgir.de\/wp-content\/uploads\/2023\/01\/2023_01_24_kurpark.jpg?fit=800%2C534&ssl=1","1536x1536":"https:\/\/i0.wp.com\/www.wgir.de\/wp-content\/uploads\/2023\/01\/2023_01_24_kurpark.jpg?fit=1536%2C1024&ssl=1","2048x2048":"https:\/\/i0.wp.com\/www.wgir.de\/wp-content\/uploads\/2023\/01\/2023_01_24_kurpark.jpg?fit=2048%2C1365&ssl=1","colormag-highlighted-post":"https:\/\/i0.wp.com\/www.wgir.de\/wp-content\/uploads\/2023\/01\/2023_01_24_kurpark.jpg?resize=392%2C272&ssl=1","colormag-featured-post-medium":"https:\/\/i0.wp.com\/www.wgir.de\/wp-content\/uploads\/2023\/01\/2023_01_24_kurpark.jpg?resize=390%2C205&ssl=1","colormag-featured-post-small":"https:\/\/i0.wp.com\/www.wgir.de\/wp-content\/uploads\/2023\/01\/2023_01_24_kurpark.jpg?resize=130%2C90&ssl=1","colormag-featured-image":"https:\/\/i0.wp.com\/www.wgir.de\/wp-content\/uploads\/2023\/01\/2023_01_24_kurpark.jpg?resize=800%2C445&ssl=1","colormag-default-news":"https:\/\/i0.wp.com\/www.wgir.de\/wp-content\/uploads\/2023\/01\/2023_01_24_kurpark.jpg?resize=150%2C150&ssl=1","colormag-featured-image-large":"https:\/\/i0.wp.com\/www.wgir.de\/wp-content\/uploads\/2023\/01\/2023_01_24_kurpark.jpg?resize=1400%2C600&ssl=1","colormag-elementor-block-extra-large-thumbnail":"https:\/\/i0.wp.com\/www.wgir.de\/wp-content\/uploads\/2023\/01\/2023_01_24_kurpark.jpg?resize=1155%2C480&ssl=1","colormag-elementor-grid-large-thumbnail":"https:\/\/i0.wp.com\/www.wgir.de\/wp-content\/uploads\/2023\/01\/2023_01_24_kurpark.jpg?resize=600%2C417&ssl=1","colormag-elementor-grid-small-thumbnail":"https:\/\/i0.wp.com\/www.wgir.de\/wp-content\/uploads\/2023\/01\/2023_01_24_kurpark.jpg?resize=285%2C450&ssl=1","colormag-elementor-grid-medium-large-thumbnail":"https:\/\/i0.wp.com\/www.wgir.de\/wp-content\/uploads\/2023\/01\/2023_01_24_kurpark.jpg?resize=575%2C198&ssl=1"},"magazineBlocksPostAuthor":{"name":"Bernd Jackisch","avatar":"https:\/\/secure.gravatar.com\/avatar\/39fd8a70350c275e00408d246f8f53c72f82cbc907d87f31f636c144497b6b08?s=96&d=mm&r=g"},"magazineBlocksPostCommentsNumber":false,"magazineBlocksPostExcerpt":"Bad Lauterberg. Der Kurpark von Bad Lauterberg hat bereits einige Verkleinerungen und allerlei Umgestaltungen erlebt. Doch zumindest ein kleiner Bereich","magazineBlocksPostCategories":["2023","Archiv"],"magazineBlocksPostViewCount":29,"magazineBlocksPostReadTime":3,"magazine_blocks_featured_image_url":{"full":["https:\/\/i0.wp.com\/www.wgir.de\/wp-content\/uploads\/2023\/01\/2023_01_24_kurpark.jpg?fit=2048%2C1365&ssl=1",2048,1365,false],"medium":["https:\/\/i0.wp.com\/www.wgir.de\/wp-content\/uploads\/2023\/01\/2023_01_24_kurpark.jpg?fit=310%2C207&ssl=1",310,207,true],"thumbnail":["https:\/\/i0.wp.com\/www.wgir.de\/wp-content\/uploads\/2023\/01\/2023_01_24_kurpark.jpg?resize=150%2C150&ssl=1",150,150,true]},"magazine_blocks_author":{"display_name":"Bernd Jackisch","author_link":"https:\/\/www.wgir.de\/?author=13"},"magazine_blocks_comment":0,"magazine_blocks_author_image":"https:\/\/secure.gravatar.com\/avatar\/39fd8a70350c275e00408d246f8f53c72f82cbc907d87f31f636c144497b6b08?s=96&d=mm&r=g","magazine_blocks_category":"<a href=\"#\" class=\"category-link category-link-160\">2023<\/a> <a href=\"#\" class=\"category-link category-link-50\">Archiv<\/a>","videoUrl":"","_links":{"self":[{"href":"https:\/\/www.wgir.de\/index.php?rest_route=\/wp\/v2\/posts\/5617","targetHints":{"allow":["GET"]}}],"collection":[{"href":"https:\/\/www.wgir.de\/index.php?rest_route=\/wp\/v2\/posts"}],"about":[{"href":"https:\/\/www.wgir.de\/index.php?rest_route=\/wp\/v2\/types\/post"}],"author":[{"embeddable":true,"href":"https:\/\/www.wgir.de\/index.php?rest_route=\/wp\/v2\/users\/13"}],"replies":[{"embeddable":true,"href":"https:\/\/www.wgir.de\/index.php?rest_route=%2Fwp%2Fv2%2Fcomments&post=5617"}],"version-history":[{"count":1,"href":"https:\/\/www.wgir.de\/index.php?rest_route=\/wp\/v2\/posts\/5617\/revisions"}],"predecessor-version":[{"id":8534,"href":"https:\/\/www.wgir.de\/index.php?rest_route=\/wp\/v2\/posts\/5617\/revisions\/8534"}],"wp:featuredmedia":[{"embeddable":true,"href":"https:\/\/www.wgir.de\/index.php?rest_route=\/wp\/v2\/media\/5627"}],"wp:attachment":[{"href":"https:\/\/www.wgir.de\/index.php?rest_route=%2Fwp%2Fv2%2Fmedia&parent=5617"}],"wp:term":[{"taxonomy":"category","embeddable":true,"href":"https:\/\/www.wgir.de\/index.php?rest_route=%2Fwp%2Fv2%2Fcategories&post=5617"},{"taxonomy":"post_tag","embeddable":true,"href":"https:\/\/www.wgir.de\/index.php?rest_route=%2Fwp%2Fv2%2Ftags&post=5617"}],"curies":[{"name":"wp","href":"https:\/\/api.w.org\/{rel}","templated":true}]}}