{"id":5609,"date":"2023-01-11T07:09:11","date_gmt":"2023-01-11T07:09:11","guid":{"rendered":"https:\/\/www.wgir.de\/?p=5609"},"modified":"2023-01-11T07:15:57","modified_gmt":"2023-01-11T07:15:57","slug":"vertragsunterzeichnung-zum-ausbau-eines-glasfasernetzes-ohne-ratsbeschluss","status":"publish","type":"post","link":"https:\/\/www.wgir.de\/?p=5609","title":{"rendered":"Vertragsunterzeichnung zum Ausbau eines Glasfasernetzes ohne Ratsbeschluss?"},"content":{"rendered":"\t\t<div data-elementor-type=\"wp-post\" data-elementor-id=\"5609\" class=\"elementor elementor-5609\">\n\t\t\t\t\t\t<section class=\"elementor-section elementor-top-section elementor-element elementor-element-dd24871 elementor-section-boxed elementor-section-height-default elementor-section-height-default wpr-particle-no wpr-jarallax-no wpr-parallax-no wpr-sticky-section-no wpr-column-slider-no wpr-equal-height-no\" data-id=\"dd24871\" data-element_type=\"section\" data-e-type=\"section\">\n\t\t\t\t\t\t<div class=\"elementor-container elementor-column-gap-default\">\n\t\t\t\t\t<div class=\"elementor-column elementor-col-100 elementor-top-column elementor-element elementor-element-5ae7c16\" data-id=\"5ae7c16\" data-element_type=\"column\" data-e-type=\"column\">\n\t\t\t<div class=\"elementor-widget-wrap elementor-element-populated\">\n\t\t\t\t\t\t<div class=\"elementor-element elementor-element-259186e elementor-widget elementor-widget-text-editor\" data-id=\"259186e\" data-element_type=\"widget\" data-e-type=\"widget\" data-widget_type=\"text-editor.default\">\n\t\t\t\t<div class=\"elementor-widget-container\">\n\t\t\t\t\t\t\t\t\t<p><span style=\"font-family: arial, helvetica, sans-serif;\"><b>Bad Lauterberg. Schnelles Internet zu haben ist heutzutage so wichtig und doch hat man das Gef\u00fchl, das Thema l\u00e4uft in Bad Lauterberg nur so nebenbei. Gerade vor dem Beginn baulicher Ma\u00dfnahmen sollte sich der B\u00fcrgermeister fr\u00fchzeitig und intensiv mit den Ortsr\u00e4ten und dem Stadtrat austauschen, anstatt \u00f6ffentlich zu erkl\u00e4ren, die \u201eFraktionen w\u00fcrden Dinge blockieren\u201c. Tats\u00e4chlich hat doch der B\u00fcrgermeister einen Vertrag mit der Deutschen Glasfaser abgeschlossen, ohne vorher einen Ratsbeschluss erwirkt zu haben. Was also haben die Fraktionen blockiert? Eine ausf\u00fchrliche und vor allem \u00f6ffentliche Debatte und eine Abstimmung im Rat sicher nicht, denn f\u00fcr deren Durchf\u00fchrung ist der B\u00fcrgermeister selbst verantwortlich. Sehr ungew\u00f6hnlich ist das!<br \/><\/b><\/span><br \/><span style=\"font-family: arial, helvetica, sans-serif;\">Im\u00a0<b>Ortsrat Barbis<\/b>\u00a0wurde dieses wichtige Thema angeschoben und angepackt, da der Ortsteil nicht optimal mit schnellem Internet versorgt ist. Daf\u00fcr gab es prompt einen\u00a0<b>R\u00fcffel<\/b>\u00a0vom B\u00fcrgermeister, weil die Versorgung mit schnellem Internet f\u00fcr die ganze Stadt n\u00f6tig und deshalb\u00a0<b>\u201eStadtsache\u201c<\/b>\u00a0sei.<\/span><br \/><span style=\"font-family: arial, helvetica, sans-serif;\">Nach der Vorstellung der Firma Deutsche Glasfaser im Ortsrat Barbis hat die\u00a0<b>W\u00e4hlergruppe im Rat<\/b>\u00a0(WgiR)\u00a0 und nat\u00fcrlich auch alle interessierten Einwohner der Stadt darauf gewartet, dass nun auch andere deutsche Glasfasernetzbetreiber, wie z.B. die Deutsche Telekom, ebenfalls ihren geplanten Netzausbau den Ortsr\u00e4ten und dem Stadtrat und damit verbunden auch der\u00a0<b>\u00d6ffentlichkeit\u00a0<\/b>vorstellt. Doch passiert ist nichts! Deshalb hat nach mehr als einem Vierteljahr die WgiR selbst einmal bei der zust\u00e4ndigen Telekom-Glasfaser-Planung in Braunschweig nachgefragt und folgende Auskunft bekommen:\u00a0<b><i>\u201eDie Planungen f\u00fcr ein Glasfasernetz Bad Lauterberg laufen schon seit l\u00e4ngerer Zeit und sind inzwischen weitgehend abgeschlossen&#8220;.<\/i><\/b>\u00a0Besonders wurde darauf hingewiesen, dass vorab\u00a0<i><b>KEINE 40 Prozent<\/b><\/i>an Vertragsabschl\u00fcssen vorliegen m\u00fcssen. Ein wichtiger Hinweis ist das, meint die WgiR, denn sollte die Deutsche Glasfaser nicht ihre erforderlichen Vertragsabschl\u00fcsse erreichen, was dann?<\/span><\/p><p><br \/><span style=\"font-family: arial, helvetica, sans-serif;\">\u00dcber dieses Gespr\u00e4ch wurde nat\u00fcrlich sofort der B\u00fcrgermeister informiert, zudem erstellte die\u00a0<b>WgiR<\/b>\u00a0eine detaillierte Liste mit den\u00a0<b>Unterschieden<\/b>\u00a0sowie den\u00a0<b>Vor-und Nachteilen<\/b>\u00a0f\u00fcr die k\u00fcnftigen Glasfaserkunden beider Anbieter, die ebenfalls der Verwaltung zugesandt wurde. So bietet die Telekom ein\u00a0<b><i>\u201ediskriminierungsfreies\u201c<\/i><\/b>\u00a0Netz, wobei jeder Glasfaserkunde seine bisherigen, selbst ausgew\u00e4hlten Provider behalten kann. Auch w\u00fcrden mehr Verg\u00fcnstigungen in der Kombination Festnetz\/Internet\/Mobilfunk angeboten, von denen die Kunden profitieren k\u00f6nnten. Zudem m\u00fcssen bei der Deutschen Telekom die Hausbesitzer\u00a0<b><i>lediglich zustimmen,<\/i><\/b>\u00a0einen Anschluss\u00a0<b><i>kostenlos<\/i><\/b>\u00a0ins Haus legen zu lassen, aber noch keinen Vertrag unterschreiben. Bei der Deutsche Glasfaser hingegen m\u00fcssen Hausbesitzer einen\u00a0<i><b>zweij\u00e4hrigen Vertrag<\/b><\/i>\u00a0abschlie\u00dfen.<\/span><\/p><p><br \/><span style=\"font-family: arial, helvetica, sans-serif;\">Da es bisher mithin zwei in Frage kommende Glasfaseranbieter gab, w\u00e4re es nach Meinung der\u00a0<b>WgiR\u00a0<\/b>richtig gewesen, den\u00a0<b>Stadtrat\u00a0<\/b>unter\u00a0<b>Einbeziehung der Ortsr\u00e4te<\/b>\u00a0und einer\u00a0<b>gr\u00f6\u00dftm\u00f6glichen \u00d6ffentlichkeit<\/b>\u00a0entscheiden zu lassen, mit welcher Firma ein Vertrag unterzeichnet werden soll. Nicht vergessen werden darf dabei, dass die Deutsche Telekom bereits heute zahlreiche Firmen, Betriebe und Beh\u00f6rden sowie die Mobilfunkstandorte, WLAN-Hotspots und alle in der Stadt vorhandenen Kabelverzweiger im Rahmen des Vectoring-Ausbaues mit Glasfaseranschl\u00fcssen versorgt. Zwar muss auch die Telekom ein Glasfaserkabel zu jedem Haus verlegen, aber auf Haupttrassen liegen h\u00e4ufig schon derart moderne Kabel, bzw. k\u00f6nnen in vorhandene Leerrohre eingezogen werden.<\/span><\/p><p><br \/><span style=\"font-family: arial, helvetica, sans-serif;\"><b><i>Gern, so die Planer der Telekom, h\u00e4tte man die doch erheblichen Unterschiede den drei Ortsr\u00e4ten und dem Stadtrat auf \u00f6ffentlichen Sitzungen vorgestellt<\/i><\/b>. Doch eine Bitte bzw. Anfrage daf\u00fcr gab es nicht. Im Gegenteil, erst auf Nachfrage der\u00a0<b>WgiR<\/b>\u00a0wird vom B\u00fcrgermeister erkl\u00e4rt, dass man sich den Nachbargemeinden anschlie\u00dfen wolle und die Deutsche Glasfaser favorisiere.<\/span><br \/><span style=\"font-family: arial, helvetica, sans-serif;\">Doch dies stimmt so leider nicht, denn wie dem Harzkurier zu entnehmen war, wird in unserer ehemaligen\u00a0<b>Kreisstadt Osterode\u00a0<\/b>die Telekom das Glasfasernetz ausbauen und\u00a0<b>Bad Sachsa\u00a0<\/b>hatte bereits im Vorfeld klare Anforderungen gestellt und wird vor Abschluss eines Vertrages zun\u00e4chst ausf\u00fchrlich das Thema in den Fachaussch\u00fcssen und im Rat er\u00f6rtert. Folglich ist dort noch gar keine Entscheidung gefallen, der man sich anschlie\u00dfen k\u00f6nnte.<\/span><\/p><p><br \/><span style=\"font-family: arial, helvetica, sans-serif;\">Warum werden die Fraktionen vors Loch geschoben, wenn man selbst keine \u00f6ffentlichen Debatten, zumal im Interesse der Einwohner der gesamten Stadt Bad Lauterberg f\u00fchrt?<b>\u00a0<\/b><\/span><\/p><p>\u00a0<\/p><p><span style=\"font-family: arial, helvetica, sans-serif;\"><b>Ist das die vom B\u00fcrgermeister vor der Wahl versprochene Transparenz?<\/b><\/span><\/p>\t\t\t\t\t\t\t\t<\/div>\n\t\t\t\t<\/div>\n\t\t\t\t\t<\/div>\n\t\t<\/div>\n\t\t\t\t\t<\/div>\n\t\t<\/section>\n\t\t\t\t<\/div>\n\t\t","protected":false},"excerpt":{"rendered":"<p>Bad Lauterberg. Schnelles Internet zu haben ist heutzutage so wichtig und doch hat man das Gef\u00fchl, das Thema l\u00e4uft in<\/p>\n","protected":false},"author":1,"featured_media":5615,"comment_status":"closed","ping_status":"open","sticky":false,"template":"","format":"standard","meta":{"colormag_page_container_layout":"default_layout","colormag_page_sidebar_layout":"default_layout","footnotes":""},"categories":[160,30],"tags":[],"class_list":["post-5609","post","type-post","status-publish","format-standard","has-post-thumbnail","hentry","category-160","category-news"],"magazineBlocksPostFeaturedMedia":{"thumbnail":"https:\/\/i0.wp.com\/www.wgir.de\/wp-content\/uploads\/2023\/01\/2023_01_09_glasfaser.jpg?resize=150%2C150&ssl=1","medium":"https:\/\/i0.wp.com\/www.wgir.de\/wp-content\/uploads\/2023\/01\/2023_01_09_glasfaser.jpg?fit=310%2C207&ssl=1","medium_large":"https:\/\/i0.wp.com\/www.wgir.de\/wp-content\/uploads\/2023\/01\/2023_01_09_glasfaser.jpg?fit=768%2C512&ssl=1","large":"https:\/\/i0.wp.com\/www.wgir.de\/wp-content\/uploads\/2023\/01\/2023_01_09_glasfaser.jpg?fit=800%2C534&ssl=1","1536x1536":"https:\/\/i0.wp.com\/www.wgir.de\/wp-content\/uploads\/2023\/01\/2023_01_09_glasfaser.jpg?fit=1200%2C800&ssl=1","2048x2048":"https:\/\/i0.wp.com\/www.wgir.de\/wp-content\/uploads\/2023\/01\/2023_01_09_glasfaser.jpg?fit=1200%2C800&ssl=1","colormag-highlighted-post":"https:\/\/i0.wp.com\/www.wgir.de\/wp-content\/uploads\/2023\/01\/2023_01_09_glasfaser.jpg?resize=392%2C272&ssl=1","colormag-featured-post-medium":"https:\/\/i0.wp.com\/www.wgir.de\/wp-content\/uploads\/2023\/01\/2023_01_09_glasfaser.jpg?resize=390%2C205&ssl=1","colormag-featured-post-small":"https:\/\/i0.wp.com\/www.wgir.de\/wp-content\/uploads\/2023\/01\/2023_01_09_glasfaser.jpg?resize=130%2C90&ssl=1","colormag-featured-image":"https:\/\/i0.wp.com\/www.wgir.de\/wp-content\/uploads\/2023\/01\/2023_01_09_glasfaser.jpg?resize=800%2C445&ssl=1","colormag-default-news":"https:\/\/i0.wp.com\/www.wgir.de\/wp-content\/uploads\/2023\/01\/2023_01_09_glasfaser.jpg?resize=150%2C150&ssl=1","colormag-featured-image-large":"https:\/\/i0.wp.com\/www.wgir.de\/wp-content\/uploads\/2023\/01\/2023_01_09_glasfaser.jpg?resize=1200%2C600&ssl=1","colormag-elementor-block-extra-large-thumbnail":"https:\/\/i0.wp.com\/www.wgir.de\/wp-content\/uploads\/2023\/01\/2023_01_09_glasfaser.jpg?resize=1155%2C480&ssl=1","colormag-elementor-grid-large-thumbnail":"https:\/\/i0.wp.com\/www.wgir.de\/wp-content\/uploads\/2023\/01\/2023_01_09_glasfaser.jpg?resize=600%2C417&ssl=1","colormag-elementor-grid-small-thumbnail":"https:\/\/i0.wp.com\/www.wgir.de\/wp-content\/uploads\/2023\/01\/2023_01_09_glasfaser.jpg?resize=285%2C450&ssl=1","colormag-elementor-grid-medium-large-thumbnail":"https:\/\/i0.wp.com\/www.wgir.de\/wp-content\/uploads\/2023\/01\/2023_01_09_glasfaser.jpg?resize=575%2C198&ssl=1"},"magazineBlocksPostAuthor":{"name":"Homepage webmaster","avatar":"https:\/\/secure.gravatar.com\/avatar\/6f96ca7c0487a8f61b8f75f39df16ab2d64a4669b827b479e37fe76a80a4c6d8?s=96&d=mm&r=g"},"magazineBlocksPostCommentsNumber":false,"magazineBlocksPostExcerpt":"Bad Lauterberg. Schnelles Internet zu haben ist heutzutage so wichtig und doch hat man das Gef\u00fchl, das Thema l\u00e4uft in","magazineBlocksPostCategories":["2023","Neu"],"magazineBlocksPostViewCount":31,"magazineBlocksPostReadTime":4,"magazine_blocks_featured_image_url":{"full":["https:\/\/i0.wp.com\/www.wgir.de\/wp-content\/uploads\/2023\/01\/2023_01_09_glasfaser.jpg?fit=1200%2C800&ssl=1",1200,800,false],"medium":["https:\/\/i0.wp.com\/www.wgir.de\/wp-content\/uploads\/2023\/01\/2023_01_09_glasfaser.jpg?fit=310%2C207&ssl=1",310,207,true],"thumbnail":["https:\/\/i0.wp.com\/www.wgir.de\/wp-content\/uploads\/2023\/01\/2023_01_09_glasfaser.jpg?resize=150%2C150&ssl=1",150,150,true]},"magazine_blocks_author":{"display_name":"Homepage webmaster","author_link":"https:\/\/www.wgir.de\/?author=1"},"magazine_blocks_comment":0,"magazine_blocks_author_image":"https:\/\/secure.gravatar.com\/avatar\/6f96ca7c0487a8f61b8f75f39df16ab2d64a4669b827b479e37fe76a80a4c6d8?s=96&d=mm&r=g","magazine_blocks_category":"<a href=\"#\" class=\"category-link category-link-160\">2023<\/a> <a href=\"#\" class=\"category-link category-link-30\">Neu<\/a>","videoUrl":"","_links":{"self":[{"href":"https:\/\/www.wgir.de\/index.php?rest_route=\/wp\/v2\/posts\/5609","targetHints":{"allow":["GET"]}}],"collection":[{"href":"https:\/\/www.wgir.de\/index.php?rest_route=\/wp\/v2\/posts"}],"about":[{"href":"https:\/\/www.wgir.de\/index.php?rest_route=\/wp\/v2\/types\/post"}],"author":[{"embeddable":true,"href":"https:\/\/www.wgir.de\/index.php?rest_route=\/wp\/v2\/users\/1"}],"replies":[{"embeddable":true,"href":"https:\/\/www.wgir.de\/index.php?rest_route=%2Fwp%2Fv2%2Fcomments&post=5609"}],"version-history":[{"count":0,"href":"https:\/\/www.wgir.de\/index.php?rest_route=\/wp\/v2\/posts\/5609\/revisions"}],"wp:featuredmedia":[{"embeddable":true,"href":"https:\/\/www.wgir.de\/index.php?rest_route=\/wp\/v2\/media\/5615"}],"wp:attachment":[{"href":"https:\/\/www.wgir.de\/index.php?rest_route=%2Fwp%2Fv2%2Fmedia&parent=5609"}],"wp:term":[{"taxonomy":"category","embeddable":true,"href":"https:\/\/www.wgir.de\/index.php?rest_route=%2Fwp%2Fv2%2Fcategories&post=5609"},{"taxonomy":"post_tag","embeddable":true,"href":"https:\/\/www.wgir.de\/index.php?rest_route=%2Fwp%2Fv2%2Ftags&post=5609"}],"curies":[{"name":"wp","href":"https:\/\/api.w.org\/{rel}","templated":true}]}}