{"id":5588,"date":"2022-12-08T23:02:19","date_gmt":"2022-12-08T23:02:19","guid":{"rendered":"https:\/\/www.wgir.de\/?p=5588"},"modified":"2026-08-19T10:25:11","modified_gmt":"2026-08-19T10:25:11","slug":"stammtisch-der-wgir-frauengruppenleiterin-stellte-sich-vor","status":"publish","type":"post","link":"https:\/\/www.wgir.de\/?p=5588","title":{"rendered":"Stammtisch der WgiR &#8211; Frauengruppenleiterin stellte sich vor"},"content":{"rendered":"\t\t<div data-elementor-type=\"wp-post\" data-elementor-id=\"5588\" class=\"elementor elementor-5588\">\n\t\t\t\t\t\t<section class=\"elementor-section elementor-top-section elementor-element elementor-element-4ada25f elementor-section-boxed elementor-section-height-default elementor-section-height-default wpr-particle-no wpr-jarallax-no wpr-parallax-no wpr-sticky-section-no wpr-column-slider-no wpr-equal-height-no\" data-id=\"4ada25f\" data-element_type=\"section\" data-e-type=\"section\">\n\t\t\t\t\t\t<div class=\"elementor-container elementor-column-gap-default\">\n\t\t\t\t\t<div class=\"elementor-column elementor-col-100 elementor-top-column elementor-element elementor-element-b7c605a\" data-id=\"b7c605a\" data-element_type=\"column\" data-e-type=\"column\">\n\t\t\t<div class=\"elementor-widget-wrap elementor-element-populated\">\n\t\t\t\t\t\t<div class=\"elementor-element elementor-element-a8f8d93 elementor-widget elementor-widget-text-editor\" data-id=\"a8f8d93\" data-element_type=\"widget\" data-e-type=\"widget\" data-widget_type=\"text-editor.default\">\n\t\t\t\t<div class=\"elementor-widget-container\">\n\t\t\t\t\t\t\t\t\t<h1><strong><span style=\"font-family: arial, helvetica, sans-serif; font-size: 14pt;\">Stammtisch der WgiR &#8211; Frauengruppenleiterin stellte sich vor<\/span><\/strong><\/h1><p>\u00a0Ihren 3. Stammtisch in diesem Jahr konnte die \u201eW\u00e4hlergruppe im Rat (WgiR)\u201c vor einigen Tagen im Bistro \u201eCheck-Point-Aue\u201c abhalten. Neben einer Reihe kommunalpolitisch interessierter B\u00fcrger konnte Vereinsvorsitzende Julia Wiegand die neue Frauengruppenleiterin Manuela Rusteberg sowie verschiedene Stadt-und Ortsratsmitglieder der W\u00e4hlergruppe begr\u00fc\u00dfen.<\/p><p><br \/>Wie Manuela Rusteberg bei ihrer Vorstellung ausf\u00fchrte, wird es ab Mitte Februar 2023 regelm\u00e4\u00dfige Zusammenk\u00fcnfte der\u00a0<b>WgiR-Frauengruppe<\/b>\u00a0geben. Das erste Treffen wird in Barbis stattfinden, wobei gern Vorschl\u00e4ge f\u00fcr Aktivit\u00e4ten entgegengenommen werden. Vorgesehen sind u.a. Tagesfahrten, Besichtigungen, Theater, oder Besuche anderer kultureller Veranstaltungen, Wanderungen, usw. oder auch nur Gespr\u00e4che in gem\u00fctlicher Runde. Informationen erteilt Manuela Rusteberg auch gern vorab unter Telefon 05524-80637.<\/p><h2><strong><span style=\"font-family: arial, helvetica, sans-serif; font-size: 14pt;\">Badestelle Wiesenbeker Teich muss der \u00d6ffentlichkeit zug\u00e4nglich sein<\/span><\/strong><\/h2><p>In diesem und auch vergangenem Jahr hatten wir einem warmen sonnenreichen Sommer der geradezu zum Baden in unserem Bergsee\u00a0<b>Wiesenbeker Teich<\/b>\u00a0einlud. Sehr zum Leidwesen der vieler Einwohner und Ferieng\u00e4ste blieb die\u00a0<b>Badestelle am Wiesenbeker Teich<\/b>\u00a0jedoch der \u00d6ffentlichkeit versperrt. Um trotzdem ins k\u00fchle Nass zu kommen kletterten t\u00e4glich Dutzende Badeg\u00e4ste, z.T. mit Kindern, die gef\u00e4hrlich steilen und steinigen Anh\u00e4nge hinunter um ans Wasser zu gelangen. W\u00e4hrend sich jeweils nur vier bis zehn exklusive Badeg\u00e4ste auf der der\u00a0<b>\u00d6ffentlichkeit nicht zug\u00e4nglichen privaten Liegewiese<\/b>\u00a0des Feriensparks sonnten, musste die Masse der anderen Badeg\u00e4ste auf den steilen und v\u00f6llig ausgetrockneten staubigen Uferr\u00e4ndern Platz nehmen.<br \/><br \/><b><i>Dieser Zustand am unter Denkmalschutz stehenden Wiesenbeker Teich, der zum Weltkulturerbe Oberharzer Wasserregal geh\u00f6rt, so ein ver\u00e4rgerter Besucher des Stammtisches, ist f\u00fcr eine Kur-und Urlaubstadt nicht hinnehmbar.<\/i><\/b><\/p><p><br \/>Zumal Camping-und G\u00e4ste der nicht gerade leisen Wasserskianlage Sonderrechte bekommen.\u00a0<b><i>Die lapidare, emotionslose und entt\u00e4uschende Antwort des B\u00fcrgermeisters auf der vorletzten Ratssitzung \u201eman stehe mit dem Campingplatzbetreiber in Verbindung\u201c l\u00e4sst stark vermuten, dass auch im kommenden Jahr die sehr beliebte Badestelle f\u00fcr das normale \u201eFu\u00dfvolk\u201c verschlossen bleibt.<\/i><\/b><\/p><p>\u00a0<\/p><p>Hier muss nicht nur mit dem <b>Campingplatzbetreiber,<\/b>\u00a0sondern auch mit den\u00a0<b>Harz-Wasserwerken\u00a0<\/b>und dem\u00a0<b>Denkmalschutz<\/b>\u00a0gesprochen werden. Und wenn es tats\u00e4chlich so sein sollte, dass f\u00fcr die \u00f6ffentliche Nutzung der Badestelle eine\u00a0<b>f\u00fcnfstellige Versicherungssumme<\/b>\u00a0zu zahlen ist, dann m\u00fcsse eben die Stadt im Interesse der B\u00fcrger und G\u00e4ste mit in die Tasche greifen.\u00a0<b><i>F\u00fcr die Badestelle, so der Bad Lauterberger Einwohner, muss schnellstens eine L\u00f6sung gefunden werden \u2013 sie muss der \u00d6ffentlichkeit zur Verf\u00fcgung stehen, damit sich nicht frustrierte G\u00e4ste an den schlecht zug\u00e4nglichen Uferzonen des Bergsees sich die Knochen brechen!<br \/><\/i><\/b>\u00dcber weitere Gespr\u00e4chsthemen des Stammtisches berichtet die WgiR in den n\u00e4chsten Tagen.<\/p>\t\t\t\t\t\t\t\t<\/div>\n\t\t\t\t<\/div>\n\t\t\t\t\t<\/div>\n\t\t<\/div>\n\t\t\t\t\t<\/div>\n\t\t<\/section>\n\t\t\t\t<\/div>\n\t\t","protected":false},"excerpt":{"rendered":"<p>Stammtisch der WgiR &#8211; Frauengruppenleiterin stellte sich vor &nbsp;Ihren 3. Stammtisch in diesem Jahr konnte die \u201eW\u00e4hlergruppe im Rat (WgiR)\u201c<\/p>\n","protected":false},"author":1,"featured_media":5594,"comment_status":"closed","ping_status":"open","sticky":false,"template":"","format":"standard","meta":{"colormag_page_container_layout":"default_layout","colormag_page_sidebar_layout":"default_layout","footnotes":""},"categories":[150,146],"tags":[],"class_list":["post-5588","post","type-post","status-publish","format-standard","has-post-thumbnail","hentry","category-150","category-bad-lauterberg"],"magazineBlocksPostFeaturedMedia":{"thumbnail":"https:\/\/i0.wp.com\/www.wgir.de\/wp-content\/uploads\/2022\/12\/2022_12_05_2.jpg?resize=150%2C150&ssl=1","medium":"https:\/\/i0.wp.com\/www.wgir.de\/wp-content\/uploads\/2022\/12\/2022_12_05_2.jpg?fit=310%2C307&ssl=1","medium_large":"https:\/\/i0.wp.com\/www.wgir.de\/wp-content\/uploads\/2022\/12\/2022_12_05_2.jpg?fit=395%2C391&ssl=1","large":"https:\/\/i0.wp.com\/www.wgir.de\/wp-content\/uploads\/2022\/12\/2022_12_05_2.jpg?fit=395%2C391&ssl=1","1536x1536":"https:\/\/i0.wp.com\/www.wgir.de\/wp-content\/uploads\/2022\/12\/2022_12_05_2.jpg?fit=395%2C391&ssl=1","2048x2048":"https:\/\/i0.wp.com\/www.wgir.de\/wp-content\/uploads\/2022\/12\/2022_12_05_2.jpg?fit=395%2C391&ssl=1","colormag-highlighted-post":"https:\/\/i0.wp.com\/www.wgir.de\/wp-content\/uploads\/2022\/12\/2022_12_05_2.jpg?resize=392%2C272&ssl=1","colormag-featured-post-medium":"https:\/\/i0.wp.com\/www.wgir.de\/wp-content\/uploads\/2022\/12\/2022_12_05_2.jpg?resize=390%2C205&ssl=1","colormag-featured-post-small":"https:\/\/i0.wp.com\/www.wgir.de\/wp-content\/uploads\/2022\/12\/2022_12_05_2.jpg?resize=130%2C90&ssl=1","colormag-featured-image":"https:\/\/i0.wp.com\/www.wgir.de\/wp-content\/uploads\/2022\/12\/2022_12_05_2.jpg?resize=395%2C391&ssl=1","colormag-default-news":"https:\/\/i0.wp.com\/www.wgir.de\/wp-content\/uploads\/2022\/12\/2022_12_05_2.jpg?resize=150%2C150&ssl=1","colormag-featured-image-large":"https:\/\/i0.wp.com\/www.wgir.de\/wp-content\/uploads\/2022\/12\/2022_12_05_2.jpg?resize=395%2C391&ssl=1","colormag-elementor-block-extra-large-thumbnail":"https:\/\/i0.wp.com\/www.wgir.de\/wp-content\/uploads\/2022\/12\/2022_12_05_2.jpg?resize=395%2C391&ssl=1","colormag-elementor-grid-large-thumbnail":"https:\/\/i0.wp.com\/www.wgir.de\/wp-content\/uploads\/2022\/12\/2022_12_05_2.jpg?resize=395%2C391&ssl=1","colormag-elementor-grid-small-thumbnail":"https:\/\/i0.wp.com\/www.wgir.de\/wp-content\/uploads\/2022\/12\/2022_12_05_2.jpg?resize=285%2C391&ssl=1","colormag-elementor-grid-medium-large-thumbnail":"https:\/\/i0.wp.com\/www.wgir.de\/wp-content\/uploads\/2022\/12\/2022_12_05_2.jpg?resize=395%2C198&ssl=1"},"magazineBlocksPostAuthor":{"name":"Homepage webmaster","avatar":"https:\/\/secure.gravatar.com\/avatar\/6f96ca7c0487a8f61b8f75f39df16ab2d64a4669b827b479e37fe76a80a4c6d8?s=96&d=mm&r=g"},"magazineBlocksPostCommentsNumber":false,"magazineBlocksPostExcerpt":"Stammtisch der WgiR &#8211; Frauengruppenleiterin stellte sich vor &nbsp;Ihren 3. Stammtisch in diesem Jahr konnte die \u201eW\u00e4hlergruppe im Rat (WgiR)\u201c","magazineBlocksPostCategories":["2022","Bad Lauterberg"],"magazineBlocksPostViewCount":32,"magazineBlocksPostReadTime":3,"magazine_blocks_featured_image_url":{"full":["https:\/\/i0.wp.com\/www.wgir.de\/wp-content\/uploads\/2022\/12\/2022_12_05_2.jpg?fit=395%2C391&ssl=1",395,391,false],"medium":["https:\/\/i0.wp.com\/www.wgir.de\/wp-content\/uploads\/2022\/12\/2022_12_05_2.jpg?fit=310%2C307&ssl=1",310,307,true],"thumbnail":["https:\/\/i0.wp.com\/www.wgir.de\/wp-content\/uploads\/2022\/12\/2022_12_05_2.jpg?resize=150%2C150&ssl=1",150,150,true]},"magazine_blocks_author":{"display_name":"Homepage webmaster","author_link":"https:\/\/www.wgir.de\/?author=1"},"magazine_blocks_comment":0,"magazine_blocks_author_image":"https:\/\/secure.gravatar.com\/avatar\/6f96ca7c0487a8f61b8f75f39df16ab2d64a4669b827b479e37fe76a80a4c6d8?s=96&d=mm&r=g","magazine_blocks_category":"<a href=\"#\" class=\"category-link category-link-150\">2022<\/a> <a href=\"#\" class=\"category-link category-link-146\">Bad Lauterberg<\/a>","videoUrl":"","_links":{"self":[{"href":"https:\/\/www.wgir.de\/index.php?rest_route=\/wp\/v2\/posts\/5588","targetHints":{"allow":["GET"]}}],"collection":[{"href":"https:\/\/www.wgir.de\/index.php?rest_route=\/wp\/v2\/posts"}],"about":[{"href":"https:\/\/www.wgir.de\/index.php?rest_route=\/wp\/v2\/types\/post"}],"author":[{"embeddable":true,"href":"https:\/\/www.wgir.de\/index.php?rest_route=\/wp\/v2\/users\/1"}],"replies":[{"embeddable":true,"href":"https:\/\/www.wgir.de\/index.php?rest_route=%2Fwp%2Fv2%2Fcomments&post=5588"}],"version-history":[{"count":1,"href":"https:\/\/www.wgir.de\/index.php?rest_route=\/wp\/v2\/posts\/5588\/revisions"}],"predecessor-version":[{"id":8647,"href":"https:\/\/www.wgir.de\/index.php?rest_route=\/wp\/v2\/posts\/5588\/revisions\/8647"}],"wp:featuredmedia":[{"embeddable":true,"href":"https:\/\/www.wgir.de\/index.php?rest_route=\/wp\/v2\/media\/5594"}],"wp:attachment":[{"href":"https:\/\/www.wgir.de\/index.php?rest_route=%2Fwp%2Fv2%2Fmedia&parent=5588"}],"wp:term":[{"taxonomy":"category","embeddable":true,"href":"https:\/\/www.wgir.de\/index.php?rest_route=%2Fwp%2Fv2%2Fcategories&post=5588"},{"taxonomy":"post_tag","embeddable":true,"href":"https:\/\/www.wgir.de\/index.php?rest_route=%2Fwp%2Fv2%2Ftags&post=5588"}],"curies":[{"name":"wp","href":"https:\/\/api.w.org\/{rel}","templated":true}]}}