{"id":5419,"date":"2022-07-16T17:46:28","date_gmt":"2022-07-16T17:46:28","guid":{"rendered":"https:\/\/www.wgir.de\/?p=5419"},"modified":"2026-08-19T10:29:13","modified_gmt":"2026-08-19T10:29:13","slug":"rein-in-die-kartoffeln-raus-aus-den-kartoffeln","status":"publish","type":"post","link":"https:\/\/www.wgir.de\/?p=5419","title":{"rendered":"Rein in die Kartoffeln \u2013 raus aus den Kartoffeln!"},"content":{"rendered":"\t\t<div data-elementor-type=\"wp-post\" data-elementor-id=\"5419\" class=\"elementor elementor-5419\">\n\t\t\t\t\t\t<section class=\"elementor-section elementor-top-section elementor-element elementor-element-64d22f7 elementor-section-boxed elementor-section-height-default elementor-section-height-default wpr-particle-no wpr-jarallax-no wpr-parallax-no wpr-sticky-section-no wpr-column-slider-no wpr-equal-height-no\" data-id=\"64d22f7\" data-element_type=\"section\" data-e-type=\"section\">\n\t\t\t\t\t\t<div class=\"elementor-container elementor-column-gap-default\">\n\t\t\t\t\t<div class=\"elementor-column elementor-col-100 elementor-top-column elementor-element elementor-element-a470ef6\" data-id=\"a470ef6\" data-element_type=\"column\" data-e-type=\"column\">\n\t\t\t<div class=\"elementor-widget-wrap elementor-element-populated\">\n\t\t\t\t\t\t<div class=\"elementor-element elementor-element-a3b9ca6 elementor-widget elementor-widget-text-editor\" data-id=\"a3b9ca6\" data-element_type=\"widget\" data-e-type=\"widget\" data-widget_type=\"text-editor.default\">\n\t\t\t\t<div class=\"elementor-widget-container\">\n\t\t\t\t\t\t\t\t\t<h1><strong><span style=\"font-size: 14pt; font-family: arial, helvetica, sans-serif;\">Rein in die Kartoffeln \u2013 raus aus den Kartoffeln!<\/span><\/strong><\/h1><p><span style=\"font-family: arial, helvetica, sans-serif;\">Bad Lauterberg. Unser Stadtbrandmeister ist aus pers\u00f6nlichen Gr\u00fcnden zur\u00fcckgetreten. Die WgiR bedauert das sehr!<\/span><br \/><span style=\"font-family: arial, helvetica, sans-serif;\">Seine Bitte an den Rat der Stadt Bad Lauterberg, sich um das Ger\u00e4tehaus der Freiwilligen Feuerwehr in der Kernstadt zu k\u00fcmmern, sollte aber ernst genommen werden. Leider haben die Ratsmitglieder zu dieser Thematik keine aktuellen Informationen und vom B\u00fcrgermeister auch keinen Sachstandsbericht erhalten. Deshalb war die Fraktion der WgiR auch etwas verwundert und wird diesbez\u00fcglich eine Anfrage f\u00fcr die n\u00e4chste Ratssitzung stellen.<\/span><\/p><h2><span style=\"font-family: arial, helvetica, sans-serif;\"><strong><span style=\"font-size: 12pt;\">Schutzstreifen zur\u00fcckgebaut?<\/span><\/strong><\/span><\/h2><p><span style=\"font-family: arial, helvetica, sans-serif;\">Ebenso wird \u00fcber die\u00a0<b>Scharzfelder Stra\u00dfe<\/b>\u00a0zu sprechen sein. Der\u00a0<b>Schutzstreifen<\/b>\u00a0f\u00fcr die Radfahrer ist verschwunden. Ja, viele Verkehrsteilnehmer konnten damit nicht so recht etwas anfangen. Aber er wurde geschaffen, um den Radfahrern eine\u00a0<b>sichere Verkehrsfl\u00e4che\u00a0<\/b>zu bieten. Jetzt haben wir (wieder) den Zustand\u00a0<b>wie vor 20 Jahren<\/b>\u00a0hergestellt und das zu einer Zeit, wo immer mehr Radfahrer auf unseren Stra\u00dfen unterwegs sind.\u00a0<b>Alternativen \u2013 Fehlanzeige!<\/b>\u00a0Es scheint in letzter Zeit unisono zu sein, dass\u00a0<b><i>keine Aufhebungen \u00fcber damalige Ratsbeschl\u00fcsse<\/i><\/b>\u00a0gefasst werden.<\/span><\/p><h2><strong><span style=\"font-family: arial, helvetica, sans-serif; font-size: 12pt;\">Fahrradabstellpl\u00e4tze in der Mitte des Kurparks?<\/span><\/strong><\/h2><p><span style=\"font-family: arial, helvetica, sans-serif;\">Auch an anderen Stellen passieren \u00fcberraschende Dinge. Da werden\u00a0<b>Fahrradabstellpl\u00e4tze<\/b>\u00a0vor der Kurverwaltung eingerichtet\/gebaut. Diese allerdings nicht vor dem Haupteingang, sondern im\u00a0<b>Kurpark<\/b>.\u00a0<b><i>Somit in einem Bereich, wo gar keine Fahrr\u00e4der fahren d\u00fcrfen!!\u00a0<\/i><\/b>Leider ist zu bef\u00fcrchten, dass diese Ma\u00dfnahme zu weiteren Verst\u00f6\u00dfen gegen die Kurparkordnung f\u00fchren wird.<\/span><\/p><h2><strong><span style=\"font-family: arial, helvetica, sans-serif; font-size: 12pt;\">Erweiterter Busfahrplan wird erarbeitet\u00a0<\/span><\/strong><\/h2><p><span style=\"font-family: arial, helvetica, sans-serif;\">Seit geraumer Zeit laufen Bestrebungen, die Busverbindung nach Braunlage zu verbessern und auch eine Anbindung an den Schnellbus (Linie 170) von Gieboldehausen nach G\u00f6ttingen erscheint sinnvoll. Es gibt bereits Ideen und Vorschl\u00e4ge und an einem erweiterten Fahrplan wird gearbeitet. Die Stadt Bad Lauterberg ist wie alle Gemeinden im Harz dem\u00a0<b>Hatix<\/b>-Projekt beigetreten. Doch nach zwei Jahren Beitragsfreiheit wird bereits im Rahmen der Haushaltsdebatte \u00fcber die vereinbarten Kosten gest\u00f6hnt. Prompt kommt ein Antrag von der CDU die Mitgliedschaft am\u00a0<b>Hatix<\/b>-Projekt zu k\u00fcndigen.\u00a0<b><i>Ein Antrag zur Unzeit, dass ist zumindest die Meinung der WgiR.<\/i><\/b>\u00a0Die Hinweise, doch bitte erst die Fakten genau zu kl\u00e4ren und erst miteinander zu sprechen und gegebenenfalls danach \u00fcber eine K\u00fcndigung nachzudenken, fanden kein Geh\u00f6r. Auch das 9-Euro-Ticket als Beispiel f\u00fcr ein \u00e4hnlich g\u00fcnstiges Angebot f\u00fcr die Nutzung des \u00d6PNV wurde von Herrn Behling (BI) als\u00a0<b>Flop\u00a0<\/b>dargestellt. Die Bewertungen von den Verkehrsministerien allerdings fallen da ganz anders aus. Letztlich entstand der Eindruck, dass man mit dem Geld schon andere Pl\u00e4ne umsetzen m\u00f6chte.<\/span><\/p><h2><span style=\"font-size: 12pt;\"><strong><span style=\"font-family: arial, helvetica, sans-serif;\">Wahlkampfthema des B\u00fcrgermeisters!<\/span><\/strong><\/span><\/h2><p><span style=\"font-family: arial, helvetica, sans-serif;\">Auch das\u00a0<b>Hauptthema<\/b>\u00a0aus dem Wahlkampf des B\u00fcrgermeisters, die Stra\u00dfeninstandhaltung\/-sanierung ist wohl nur noch im Rahmen der Haushaltsdebatte ein<b>\u00a0&#8222;Big Point&#8220;\u00a0<\/b>Thema. Da wundert es nicht, dass ein konkreter Pr\u00fcfungsantrag zu dieser Problematik, schon von der Verwaltung aus Zeitmangel zur\u00fcckgewiesen wurde. Erstaunlicher Weise aber war das bei gleich\u00a0<b>sechs Pr\u00fcfungsantr\u00e4gen\u00a0<\/b>der beiden gro\u00dfen Fraktionen in der letzten Ratssitzung nicht mehr der Fall. So wurden Entscheidungen, wie man unsere Stra\u00dfen besser erhalten bzw. wieder Instandsetzen kann und auch die Konkretisierung von Zielen im Stadtleitbild in den Herbst geschoben und andere Dinge zur Pr\u00fcfung vorgezogen.<\/span><\/p><h2><strong><span style=\"font-family: arial, helvetica, sans-serif; font-size: 12pt;\">Sommerpause &#8211; zwei Monate ohne Ratssitzung<\/span><\/strong><\/h2><p><span style=\"font-family: arial, helvetica, sans-serif;\">Jetzt liegen zwei Monate ohne Ratssitzungen und ohne zielbestimmende Entscheidungen vor uns. Im September wird das Gremium planm\u00e4\u00dfig wieder einberufen. Dann folgt sogleich wieder ein Monat ohne Sitzung und schon ist das erste Jahr der laufenden Periode bzw. der Amtszeit des neuen B\u00fcrgermeisters rum. Die Feststellung des CDU-Fraktionsvorsitzenden, dass die anderen Gemeinden uns<b>\u00a0links und rechts \u00fcberholen,<\/b>\u00a0ist da nichts Neues. Doch einerseits schiebt man die Probleme nur vor sich her und andererseits wundert man sich, warum man nicht vorankommt.\u00a0<b>Hatix\u00a0<\/b>beigetreten \u2013 jetzt soll gek\u00fcndigt werden. Jahrelang Mitglied im<b>\u00a0Nieders\u00e4chsischen Heilb\u00e4derverband<\/b>, dann ausgetreten \u2013 jetzt wieder eingetreten. Den Eigenbetrieb f\u00fcr Kur- und Tourismus\u00a0<b>abgeschafft<\/b>\u00a0und in die Verwaltung eingegliedert \u2013 jetzt wird eine neue Gesellschaft (GmbH) gefordert.<\/span><\/p><h2><strong><span style=\"font-family: arial, helvetica, sans-serif; font-size: 12pt;\">Rein in die Kartoffeln \u2013 raus aus den Kartoffeln.<\/span><\/strong><\/h2><p><span style=\"font-family: arial, helvetica, sans-serif;\">Die anderen Gemeinden k\u00f6nnen uns nicht \u00fcberholen. \u00dcberholt werden kann nur, wer sich selbst fortbewegt.<b>\u00a0Wir aber stecken in unseren eigenen \u201eSchlagl\u00f6chern\u201c fest.\u00a0<br \/><i>Die W\u00e4hlergruppe im Rat w\u00fcnscht allen B\u00fcrgern*innen eine angenehme und vor allem gesunde Sommer-und Urlaubszeit.<br \/><\/i><\/b><\/span><\/p><p>\u00a0<\/p>\t\t\t\t\t\t\t\t<\/div>\n\t\t\t\t<\/div>\n\t\t\t\t\t<\/div>\n\t\t<\/div>\n\t\t\t\t\t<\/div>\n\t\t<\/section>\n\t\t\t\t<\/div>\n\t\t","protected":false},"excerpt":{"rendered":"<p>Rein in die Kartoffeln \u2013 raus aus den Kartoffeln! Bad Lauterberg. Unser Stadtbrandmeister ist aus pers\u00f6nlichen Gr\u00fcnden zur\u00fcckgetreten. Die WgiR<\/p>\n","protected":false},"author":1,"featured_media":5426,"comment_status":"closed","ping_status":"open","sticky":false,"template":"","format":"standard","meta":{"colormag_page_container_layout":"default_layout","colormag_page_sidebar_layout":"default_layout","footnotes":""},"categories":[150,50],"tags":[],"class_list":["post-5419","post","type-post","status-publish","format-standard","has-post-thumbnail","hentry","category-150","category-archiv"],"magazineBlocksPostFeaturedMedia":{"thumbnail":"https:\/\/i0.wp.com\/www.wgir.de\/wp-content\/uploads\/2022\/07\/2022_07_14_01_Kurpark.jpg?resize=150%2C150&ssl=1","medium":"https:\/\/i0.wp.com\/www.wgir.de\/wp-content\/uploads\/2022\/07\/2022_07_14_01_Kurpark.jpg?fit=310%2C198&ssl=1","medium_large":"https:\/\/i0.wp.com\/www.wgir.de\/wp-content\/uploads\/2022\/07\/2022_07_14_01_Kurpark.jpg?fit=768%2C490&ssl=1","large":"https:\/\/i0.wp.com\/www.wgir.de\/wp-content\/uploads\/2022\/07\/2022_07_14_01_Kurpark.jpg?fit=800%2C510&ssl=1","1536x1536":"https:\/\/i0.wp.com\/www.wgir.de\/wp-content\/uploads\/2022\/07\/2022_07_14_01_Kurpark.jpg?fit=1241%2C791&ssl=1","2048x2048":"https:\/\/i0.wp.com\/www.wgir.de\/wp-content\/uploads\/2022\/07\/2022_07_14_01_Kurpark.jpg?fit=1241%2C791&ssl=1","colormag-highlighted-post":"https:\/\/i0.wp.com\/www.wgir.de\/wp-content\/uploads\/2022\/07\/2022_07_14_01_Kurpark.jpg?resize=392%2C272&ssl=1","colormag-featured-post-medium":"https:\/\/i0.wp.com\/www.wgir.de\/wp-content\/uploads\/2022\/07\/2022_07_14_01_Kurpark.jpg?resize=390%2C205&ssl=1","colormag-featured-post-small":"https:\/\/i0.wp.com\/www.wgir.de\/wp-content\/uploads\/2022\/07\/2022_07_14_01_Kurpark.jpg?resize=130%2C90&ssl=1","colormag-featured-image":"https:\/\/i0.wp.com\/www.wgir.de\/wp-content\/uploads\/2022\/07\/2022_07_14_01_Kurpark.jpg?resize=800%2C445&ssl=1","colormag-default-news":"https:\/\/i0.wp.com\/www.wgir.de\/wp-content\/uploads\/2022\/07\/2022_07_14_01_Kurpark.jpg?resize=150%2C150&ssl=1","colormag-featured-image-large":"https:\/\/i0.wp.com\/www.wgir.de\/wp-content\/uploads\/2022\/07\/2022_07_14_01_Kurpark.jpg?resize=1241%2C600&ssl=1","colormag-elementor-block-extra-large-thumbnail":"https:\/\/i0.wp.com\/www.wgir.de\/wp-content\/uploads\/2022\/07\/2022_07_14_01_Kurpark.jpg?resize=1155%2C480&ssl=1","colormag-elementor-grid-large-thumbnail":"https:\/\/i0.wp.com\/www.wgir.de\/wp-content\/uploads\/2022\/07\/2022_07_14_01_Kurpark.jpg?resize=600%2C417&ssl=1","colormag-elementor-grid-small-thumbnail":"https:\/\/i0.wp.com\/www.wgir.de\/wp-content\/uploads\/2022\/07\/2022_07_14_01_Kurpark.jpg?resize=285%2C450&ssl=1","colormag-elementor-grid-medium-large-thumbnail":"https:\/\/i0.wp.com\/www.wgir.de\/wp-content\/uploads\/2022\/07\/2022_07_14_01_Kurpark.jpg?resize=575%2C198&ssl=1"},"magazineBlocksPostAuthor":{"name":"Homepage webmaster","avatar":"https:\/\/secure.gravatar.com\/avatar\/6f96ca7c0487a8f61b8f75f39df16ab2d64a4669b827b479e37fe76a80a4c6d8?s=96&d=mm&r=g"},"magazineBlocksPostCommentsNumber":false,"magazineBlocksPostExcerpt":"Rein in die Kartoffeln \u2013 raus aus den Kartoffeln! Bad Lauterberg. Unser Stadtbrandmeister ist aus pers\u00f6nlichen Gr\u00fcnden zur\u00fcckgetreten. Die WgiR","magazineBlocksPostCategories":["2022","Archiv"],"magazineBlocksPostViewCount":38,"magazineBlocksPostReadTime":4,"magazine_blocks_featured_image_url":{"full":["https:\/\/i0.wp.com\/www.wgir.de\/wp-content\/uploads\/2022\/07\/2022_07_14_01_Kurpark.jpg?fit=1241%2C791&ssl=1",1241,791,false],"medium":["https:\/\/i0.wp.com\/www.wgir.de\/wp-content\/uploads\/2022\/07\/2022_07_14_01_Kurpark.jpg?fit=310%2C198&ssl=1",310,198,true],"thumbnail":["https:\/\/i0.wp.com\/www.wgir.de\/wp-content\/uploads\/2022\/07\/2022_07_14_01_Kurpark.jpg?resize=150%2C150&ssl=1",150,150,true]},"magazine_blocks_author":{"display_name":"Homepage webmaster","author_link":"https:\/\/www.wgir.de\/?author=1"},"magazine_blocks_comment":0,"magazine_blocks_author_image":"https:\/\/secure.gravatar.com\/avatar\/6f96ca7c0487a8f61b8f75f39df16ab2d64a4669b827b479e37fe76a80a4c6d8?s=96&d=mm&r=g","magazine_blocks_category":"<a href=\"#\" class=\"category-link category-link-150\">2022<\/a> <a href=\"#\" class=\"category-link category-link-50\">Archiv<\/a>","videoUrl":"","_links":{"self":[{"href":"https:\/\/www.wgir.de\/index.php?rest_route=\/wp\/v2\/posts\/5419","targetHints":{"allow":["GET"]}}],"collection":[{"href":"https:\/\/www.wgir.de\/index.php?rest_route=\/wp\/v2\/posts"}],"about":[{"href":"https:\/\/www.wgir.de\/index.php?rest_route=\/wp\/v2\/types\/post"}],"author":[{"embeddable":true,"href":"https:\/\/www.wgir.de\/index.php?rest_route=\/wp\/v2\/users\/1"}],"replies":[{"embeddable":true,"href":"https:\/\/www.wgir.de\/index.php?rest_route=%2Fwp%2Fv2%2Fcomments&post=5419"}],"version-history":[{"count":1,"href":"https:\/\/www.wgir.de\/index.php?rest_route=\/wp\/v2\/posts\/5419\/revisions"}],"predecessor-version":[{"id":8655,"href":"https:\/\/www.wgir.de\/index.php?rest_route=\/wp\/v2\/posts\/5419\/revisions\/8655"}],"wp:featuredmedia":[{"embeddable":true,"href":"https:\/\/www.wgir.de\/index.php?rest_route=\/wp\/v2\/media\/5426"}],"wp:attachment":[{"href":"https:\/\/www.wgir.de\/index.php?rest_route=%2Fwp%2Fv2%2Fmedia&parent=5419"}],"wp:term":[{"taxonomy":"category","embeddable":true,"href":"https:\/\/www.wgir.de\/index.php?rest_route=%2Fwp%2Fv2%2Fcategories&post=5419"},{"taxonomy":"post_tag","embeddable":true,"href":"https:\/\/www.wgir.de\/index.php?rest_route=%2Fwp%2Fv2%2Ftags&post=5419"}],"curies":[{"name":"wp","href":"https:\/\/api.w.org\/{rel}","templated":true}]}}