{"id":4871,"date":"2022-06-21T21:01:15","date_gmt":"2022-06-21T21:01:15","guid":{"rendered":"https:\/\/mein.wgir.de\/?p=4871"},"modified":"2026-08-19T10:30:19","modified_gmt":"2026-08-19T10:30:19","slug":"open-air-stammtisch-der-wgir-in-lockerer-runde-in-osterhagen","status":"publish","type":"post","link":"https:\/\/www.wgir.de\/?p=4871","title":{"rendered":"Open-Air-Stammtisch der WgiR in lockerer Runde in Osterhagen"},"content":{"rendered":"\t\t<div data-elementor-type=\"wp-post\" data-elementor-id=\"4871\" class=\"elementor elementor-4871\">\n\t\t\t\t\t\t<section class=\"elementor-section elementor-top-section elementor-element elementor-element-1fe5689 elementor-section-boxed elementor-section-height-default elementor-section-height-default wpr-particle-no wpr-jarallax-no wpr-parallax-no wpr-sticky-section-no wpr-column-slider-no wpr-equal-height-no\" data-id=\"1fe5689\" data-element_type=\"section\" data-e-type=\"section\">\n\t\t\t\t\t\t<div class=\"elementor-container elementor-column-gap-default\">\n\t\t\t\t\t<div class=\"elementor-column elementor-col-100 elementor-top-column elementor-element elementor-element-090a718\" data-id=\"090a718\" data-element_type=\"column\" data-e-type=\"column\">\n\t\t\t<div class=\"elementor-widget-wrap elementor-element-populated\">\n\t\t\t\t\t\t<div class=\"elementor-element elementor-element-aa6ef0b elementor-widget elementor-widget-text-editor\" data-id=\"aa6ef0b\" data-element_type=\"widget\" data-e-type=\"widget\" data-widget_type=\"text-editor.default\">\n\t\t\t\t<div class=\"elementor-widget-container\">\n\t\t\t\t\t\t\t\t\t<h1><strong><span style=\"font-size: 14pt;\">Open-Air-Stammtisch der WgiR in lockerer Runde in Osterhagen<\/span><\/strong><\/h1><p><span style=\"font-size: 12pt; font-family: arial, helvetica, sans-serif;\">Bei angenehmen Temperaturen konnte die \u201eW\u00e4hlergruppe im Rat\u201c im Schatten der Osterhagener Dorfkirche am vergangenen Freitag(17.6.) ihren ersten \u00f6ffentlichen Open-Air-Stammtisch nach Corona durchf\u00fchren. Die WgiR-Vorsitzende Julia Wiegand war erfreut, dass sie Teilnehmer aus allen vier Bad Lauterberger Stadtteilen und zudem nat\u00fcrlich auch Mandatstr\u00e4ger begr\u00fc\u00dfen konnte. Schnell begann eine lebhafte Diskussion \u00fcber die aktuelle Kommunalpolitik.<\/span><\/p><p>\u00a0<\/p><p><span style=\"font-family: arial, helvetica, sans-serif;\">Im Mittelpunkt stand dabei einmal wieder das Thema\u00a0<b>\u201eStra\u00dfenunterhaltung\u201c.<\/b>\u00a0Wie\u00a0<b>Thomas Mund<\/b>, Mitglied im Osterhagener Ortsrat anmerkte, wurden bisher in diesem Jahr noch<b>\u00a0keine Wintersch\u00e4den<\/b>\u00a0an den bitumin\u00f6sen Teeroberfl\u00e4chen\u00a0<b>beseitigt.<\/b>\u00a0Die zahlreichen Aufbruchstellen nehmen derzeit Ausma\u00dfe an, dass sie teilweise zur\u00a0<b>Gefahr\u00a0<\/b>f\u00fcr alle Verkehrsteilnehmer werden. Dieses Problem, so das Barbiser Ortsratsmitglied\u00a0<b>Josef Riedel,\u00a0<\/b>betrifft nicht nur Osterhagen, sondern inzwischen das gesamte Stadtgebiet. So habe er schon mehrfach die Stadtverwaltung \u00fcber Gefahrenstellen informiert, z.B. in der Oderfelder Stra\u00dfe oder der Zufahrt zum Kindergarten Spatzennest\/Sch\u00fctzenstra\u00dfe. Eine Beseitigung der Sch\u00e4den habe bis heute nicht stattgefunden.<\/span><\/p><p><br \/><span style=\"font-family: arial, helvetica, sans-serif;\">Hingegen brachte z.B. am 11. Mai ein Bauhofmitarbeiter in der Fasanenstra\u00dfe bei einer Aufbruch Stelle Wintermischgut\/Kaltasphalt ein. Eigentlich m\u00fcsste solch provisorisches Reparaturmaterial in der warmen Jahreszeit l\u00e4ngst wieder ausgebaut und durch Asphalt\/Kleber\/Splitt ersetzt werden.<\/span><\/p><p><br \/><span style=\"font-family: arial, helvetica, sans-serif;\">Ein weiterer Besucher merkte an, dass nach seiner Wahrnehmung in dieser Saison im gesamten Stadtgebiet bisher nicht eine einzige Schadstelle beseitigt wurde, da kein entsprechendes Fahrzeug mehr zur Verf\u00fcgung st\u00fcnde.<\/span><\/p><p><br \/><span style=\"font-family: arial, helvetica, sans-serif;\">Ein\u00a0<b>\u201eRepair-Patcher\u201c<\/b>\u00a0zum Reparieren von bitumin\u00f6sen Oberfl\u00e4chen ist als Wechsellader ist zwar beim st\u00e4dtischen Bauhof vorhanden, aber ein daf\u00fcr ben\u00f6tigtes Tr\u00e4gerfahrzeug nicht mehr. Ein neu beschafftes Ersatzfahrzeug kann aber den Wechsellader nicht aufnehmen, so dass die Arbeiten folglich nicht erledigt werden k\u00f6nnen.<\/span><\/p><p><br \/><span style=\"font-family: arial, helvetica, sans-serif;\"><b><i>Die Stammtischbesucher konnten \u00fcber diesen fast unglaublichen Vorgang nur den Kopf sch\u00fctteln, da das warme trockene Wetter seit M\u00e4rz doch hervorragend geeignet w\u00e4re, um Sch\u00e4den an den Teeroberfl\u00e4chen zu beseitigen.<\/i><\/b><\/span><\/p><p>\u00a0<\/p><h2><span style=\"font-family: arial, helvetica, sans-serif;\"><strong><span style=\"font-size: 12pt;\">Baupl\u00e4tze vorhanden &#8211; Erschlie\u00dfung fehlt<\/span><\/strong><\/span><\/h2><p><span style=\"font-family: arial, helvetica, sans-serif;\">Ebenfalls arg in der Kritik steht die Verwaltung zum Thema\u00a0<b>Erschlie\u00dfung\u00a0<\/b>von Baupl\u00e4tzen in Osterhagen. Wie dazu\u00a0<b>Thomas Mund\u00a0<\/b>erl\u00e4uterte, habe \u00a0<b>Ortsb\u00fcrgermeister Achim Sommerfeld\u00a0<\/b>schon vor Monaten dazu eine schriftliche Anfrage an die Verwaltung gesandt und vorgeschlagen, wie verschiedene Grundst\u00fccke\/Baul\u00fccken im Bereich Pfingstanger\/Sportplatz erschlossen und bebauungsf\u00e4hig gemacht werden k\u00f6nnten. Nach seiner Kenntnis gebe es sogar Interessenten f\u00fcr die Grundst\u00fccke, die sich beim Ortsb\u00fcrgermeister gemeldet haben. Leider aber seien einige Fragen bisher noch unbeantwortet geblieben.<\/span><\/p><h2><span style=\"font-family: arial, helvetica, sans-serif;\"><strong><span style=\"font-size: 12pt;\">Keinerlei \u00dcberwachung von Baustellen<\/span><\/strong><\/span><\/h2><p><span style=\"font-family: arial, helvetica, sans-serif;\">V\u00f6llig unzureichend, so stellte ein fachkundiger Stammtischbesucher fest, ist die \u00dcberwachung von Tiefbauarbeiten im Bereich der Stadt Bad Lauterberg, die Baufirmen f\u00fcr die Versorgungsunternehmen im \u00f6ffentlichen Verkehrsraum vornehmen. Aktuell wurden im Bereich Scharzfelder Stra\u00dfe &#8211; H\u00f6he Steinweg Tiefbauarbeiten durchgef\u00fchrt, wobei offensichtlich<b>\u00a0einschl\u00e4gige Vorschriften<\/b>\u00a0missachtet wurden. So wurden nach Verf\u00fcllung der Baugrube nicht die erforderlichen R\u00fcckschnittarbeiten an der bitumin\u00f6sen Stra\u00dfenoberfl\u00e4che vorgenommen, zudem steht der Wassereinlauf mehrere Zentimeter \u00fcber dem Gossenl\u00e4ufern. Es bleibt mithin ein Geheimnis, wie dort k\u00fcnftig das Niederschlagswasser ablaufen soll.<\/span><\/p><p>\u00a0<\/p><h2><strong><span style=\"font-size: 12pt;\">Hatix k\u00fcndigen?<\/span><\/strong><\/h2><p>Auch das Thema\u00a0<b>Hatix\u00a0<\/b>kam zur Sprache. Warum die CDU nach einer Corona bedingt unzureichenden Einf\u00fchrungszeit das erste Harz weit gemeinsame Projekt beenden m\u00f6chte, konnte niemand verstehen.<br \/>Sorge wurde auch \u00fcber den\u00a0<b>schlechten Eindruck<\/b>\u00a0ge\u00e4u\u00dfert, welchen die Stadt mit einem alleinigen R\u00fcckzug aus dem Projektverbund abgeben w\u00fcrde. Solange die Stadt die vereinbarten Mehreinnahmen aus den erh\u00f6hten Kurbeitr\u00e4gen f\u00fcr sich behalten konnte, hat sie die kostenlosen Vorteile von\u00a0<b>Hatix<\/b>\u00a0gern &#8222;mitgenommen&#8220;. Jetzt aber, wo sie auch eine Kostenbeitrag zum Projekt leisten soll, m\u00f6chte die CDU aussteigen,\u00a0<i><b>die Kurbeitr\u00e4ge aber nicht wieder senken und stattdessen das Geld f\u00fcr andere Dinge (???) verwen<\/b><\/i>den.<\/p><p>\u00a0<\/p><h2><strong><span style=\"font-size: 12pt;\">Mehr Akzeptanz f\u00fcr erneuerbare Energiequellen schaffen!<\/span><\/strong><\/h2><p>Wie\u00a0<b>Thomas Mund<\/b>\u00a0zum Abschluss Stammtisches anregte, sollten doch der\u00a0<b>Stadtrat<\/b>\u00a0und die\u00a0<b>Verwaltung<\/b>\u00a0mal \u00fcberlegen, wie man f\u00fcr den Bau von erneuerbaren Energiequellen wie z.B. Photovoltaikanlagen und Windkraftanlagen die Akzeptanz der Bev\u00f6lkerung erh\u00f6hen kann. Nur zu erkl\u00e4ren, dass solche Dinge nicht der Ortsrat, sondern die Stadt zust\u00e4ndig sei, ist zu flach und spiegelt nicht die Wichtigkeit solcher Angelegenheiten wider.<\/p>\t\t\t\t\t\t\t\t<\/div>\n\t\t\t\t<\/div>\n\t\t\t\t\t<\/div>\n\t\t<\/div>\n\t\t\t\t\t<\/div>\n\t\t<\/section>\n\t\t\t\t<\/div>\n\t\t","protected":false},"excerpt":{"rendered":"<p>Open-Air-Stammtisch der WgiR in lockerer Runde in Osterhagen Bei angenehmen Temperaturen konnte die \u201eW\u00e4hlergruppe im Rat\u201c im Schatten der Osterhagener<\/p>\n","protected":false},"author":1,"featured_media":4877,"comment_status":"closed","ping_status":"open","sticky":false,"template":"elementor_theme","format":"standard","meta":{"colormag_page_container_layout":"default_layout","colormag_page_sidebar_layout":"default_layout","footnotes":""},"categories":[150,50,149],"tags":[],"class_list":["post-4871","post","type-post","status-publish","format-standard","has-post-thumbnail","hentry","category-150","category-archiv","category-osterhagen"],"magazineBlocksPostFeaturedMedia":{"thumbnail":"https:\/\/i0.wp.com\/www.wgir.de\/wp-content\/uploads\/2022\/06\/2022_06_20_stammtisch_osterhagen_02.jpg?resize=150%2C150&ssl=1","medium":"https:\/\/i0.wp.com\/www.wgir.de\/wp-content\/uploads\/2022\/06\/2022_06_20_stammtisch_osterhagen_02.jpg?fit=310%2C207&ssl=1","medium_large":"https:\/\/i0.wp.com\/www.wgir.de\/wp-content\/uploads\/2022\/06\/2022_06_20_stammtisch_osterhagen_02.jpg?fit=768%2C512&ssl=1","large":"https:\/\/i0.wp.com\/www.wgir.de\/wp-content\/uploads\/2022\/06\/2022_06_20_stammtisch_osterhagen_02.jpg?fit=800%2C534&ssl=1","1536x1536":"https:\/\/i0.wp.com\/www.wgir.de\/wp-content\/uploads\/2022\/06\/2022_06_20_stammtisch_osterhagen_02.jpg?fit=1276%2C851&ssl=1","2048x2048":"https:\/\/i0.wp.com\/www.wgir.de\/wp-content\/uploads\/2022\/06\/2022_06_20_stammtisch_osterhagen_02.jpg?fit=1276%2C851&ssl=1","colormag-highlighted-post":"https:\/\/i0.wp.com\/www.wgir.de\/wp-content\/uploads\/2022\/06\/2022_06_20_stammtisch_osterhagen_02.jpg?resize=392%2C272&ssl=1","colormag-featured-post-medium":"https:\/\/i0.wp.com\/www.wgir.de\/wp-content\/uploads\/2022\/06\/2022_06_20_stammtisch_osterhagen_02.jpg?resize=390%2C205&ssl=1","colormag-featured-post-small":"https:\/\/i0.wp.com\/www.wgir.de\/wp-content\/uploads\/2022\/06\/2022_06_20_stammtisch_osterhagen_02.jpg?resize=130%2C90&ssl=1","colormag-featured-image":"https:\/\/i0.wp.com\/www.wgir.de\/wp-content\/uploads\/2022\/06\/2022_06_20_stammtisch_osterhagen_02.jpg?resize=800%2C445&ssl=1","colormag-default-news":"https:\/\/i0.wp.com\/www.wgir.de\/wp-content\/uploads\/2022\/06\/2022_06_20_stammtisch_osterhagen_02.jpg?resize=150%2C150&ssl=1","colormag-featured-image-large":"https:\/\/i0.wp.com\/www.wgir.de\/wp-content\/uploads\/2022\/06\/2022_06_20_stammtisch_osterhagen_02.jpg?resize=1276%2C600&ssl=1","colormag-elementor-block-extra-large-thumbnail":"https:\/\/i0.wp.com\/www.wgir.de\/wp-content\/uploads\/2022\/06\/2022_06_20_stammtisch_osterhagen_02.jpg?resize=1155%2C480&ssl=1","colormag-elementor-grid-large-thumbnail":"https:\/\/i0.wp.com\/www.wgir.de\/wp-content\/uploads\/2022\/06\/2022_06_20_stammtisch_osterhagen_02.jpg?resize=600%2C417&ssl=1","colormag-elementor-grid-small-thumbnail":"https:\/\/i0.wp.com\/www.wgir.de\/wp-content\/uploads\/2022\/06\/2022_06_20_stammtisch_osterhagen_02.jpg?resize=285%2C450&ssl=1","colormag-elementor-grid-medium-large-thumbnail":"https:\/\/i0.wp.com\/www.wgir.de\/wp-content\/uploads\/2022\/06\/2022_06_20_stammtisch_osterhagen_02.jpg?resize=575%2C198&ssl=1"},"magazineBlocksPostAuthor":{"name":"Homepage webmaster","avatar":"https:\/\/secure.gravatar.com\/avatar\/6f96ca7c0487a8f61b8f75f39df16ab2d64a4669b827b479e37fe76a80a4c6d8?s=96&d=mm&r=g"},"magazineBlocksPostCommentsNumber":false,"magazineBlocksPostExcerpt":"Open-Air-Stammtisch der WgiR in lockerer Runde in Osterhagen Bei angenehmen Temperaturen konnte die \u201eW\u00e4hlergruppe im Rat\u201c im Schatten der Osterhagener","magazineBlocksPostCategories":["2022","Archiv","Osterhagen"],"magazineBlocksPostViewCount":28,"magazineBlocksPostReadTime":4,"magazine_blocks_featured_image_url":{"full":["https:\/\/i0.wp.com\/www.wgir.de\/wp-content\/uploads\/2022\/06\/2022_06_20_stammtisch_osterhagen_02.jpg?fit=1276%2C851&ssl=1",1276,851,false],"medium":["https:\/\/i0.wp.com\/www.wgir.de\/wp-content\/uploads\/2022\/06\/2022_06_20_stammtisch_osterhagen_02.jpg?fit=310%2C207&ssl=1",310,207,true],"thumbnail":["https:\/\/i0.wp.com\/www.wgir.de\/wp-content\/uploads\/2022\/06\/2022_06_20_stammtisch_osterhagen_02.jpg?resize=150%2C150&ssl=1",150,150,true]},"magazine_blocks_author":{"display_name":"Homepage webmaster","author_link":"https:\/\/www.wgir.de\/?author=1"},"magazine_blocks_comment":0,"magazine_blocks_author_image":"https:\/\/secure.gravatar.com\/avatar\/6f96ca7c0487a8f61b8f75f39df16ab2d64a4669b827b479e37fe76a80a4c6d8?s=96&d=mm&r=g","magazine_blocks_category":"<a href=\"#\" class=\"category-link category-link-150\">2022<\/a> <a href=\"#\" class=\"category-link category-link-50\">Archiv<\/a> <a href=\"#\" class=\"category-link category-link-149\">Osterhagen<\/a>","videoUrl":"","_links":{"self":[{"href":"https:\/\/www.wgir.de\/index.php?rest_route=\/wp\/v2\/posts\/4871","targetHints":{"allow":["GET"]}}],"collection":[{"href":"https:\/\/www.wgir.de\/index.php?rest_route=\/wp\/v2\/posts"}],"about":[{"href":"https:\/\/www.wgir.de\/index.php?rest_route=\/wp\/v2\/types\/post"}],"author":[{"embeddable":true,"href":"https:\/\/www.wgir.de\/index.php?rest_route=\/wp\/v2\/users\/1"}],"replies":[{"embeddable":true,"href":"https:\/\/www.wgir.de\/index.php?rest_route=%2Fwp%2Fv2%2Fcomments&post=4871"}],"version-history":[{"count":1,"href":"https:\/\/www.wgir.de\/index.php?rest_route=\/wp\/v2\/posts\/4871\/revisions"}],"predecessor-version":[{"id":8658,"href":"https:\/\/www.wgir.de\/index.php?rest_route=\/wp\/v2\/posts\/4871\/revisions\/8658"}],"wp:featuredmedia":[{"embeddable":true,"href":"https:\/\/www.wgir.de\/index.php?rest_route=\/wp\/v2\/media\/4877"}],"wp:attachment":[{"href":"https:\/\/www.wgir.de\/index.php?rest_route=%2Fwp%2Fv2%2Fmedia&parent=4871"}],"wp:term":[{"taxonomy":"category","embeddable":true,"href":"https:\/\/www.wgir.de\/index.php?rest_route=%2Fwp%2Fv2%2Fcategories&post=4871"},{"taxonomy":"post_tag","embeddable":true,"href":"https:\/\/www.wgir.de\/index.php?rest_route=%2Fwp%2Fv2%2Ftags&post=4871"}],"curies":[{"name":"wp","href":"https:\/\/api.w.org\/{rel}","templated":true}]}}