{"id":4708,"date":"2022-04-28T06:58:47","date_gmt":"2022-04-28T06:58:47","guid":{"rendered":"https:\/\/mein.wgir.de\/?p=4708"},"modified":"2026-08-19T10:31:10","modified_gmt":"2026-08-19T10:31:10","slug":"bericht-aus-der-fraktion-und-den-ortsraeten-jahreshauptversammlung-der-wgir","status":"publish","type":"post","link":"https:\/\/www.wgir.de\/?p=4708","title":{"rendered":"Bericht aus der Fraktion und den Ortsr\u00e4ten &#8211; Jahreshauptversammlung der WgiR"},"content":{"rendered":"\t\t<div data-elementor-type=\"wp-post\" data-elementor-id=\"4708\" class=\"elementor elementor-4708\">\n\t\t\t\t\t\t<section class=\"elementor-section elementor-top-section elementor-element elementor-element-334ade0 elementor-section-boxed elementor-section-height-default elementor-section-height-default wpr-particle-no wpr-jarallax-no wpr-parallax-no wpr-sticky-section-no wpr-column-slider-no wpr-equal-height-no\" data-id=\"334ade0\" data-element_type=\"section\" data-e-type=\"section\">\n\t\t\t\t\t\t<div class=\"elementor-container elementor-column-gap-default\">\n\t\t\t\t\t<div class=\"elementor-column elementor-col-100 elementor-top-column elementor-element elementor-element-d9101ca\" data-id=\"d9101ca\" data-element_type=\"column\" data-e-type=\"column\">\n\t\t\t<div class=\"elementor-widget-wrap elementor-element-populated\">\n\t\t\t\t\t\t<div class=\"elementor-element elementor-element-302c91c elementor-widget elementor-widget-text-editor\" data-id=\"302c91c\" data-element_type=\"widget\" data-e-type=\"widget\" data-widget_type=\"text-editor.default\">\n\t\t\t\t<div class=\"elementor-widget-container\">\n\t\t\t\t\t\t\t\t\t<p><span style=\"font-family: arial, helvetica, sans-serif;\">Bad Lauterberg. Neben den allgemeinen Regularien, der am Wochenende (22.4.22) durchgef\u00fchrten Jahreshauptversammlung der W\u00e4hlergruppe im Rat (WgiR), standen die Berichte aus der Fraktion und den Ortsr\u00e4ten im besonderen Blickpunkt der zahlreich anwesenden Mitglieder.<\/span><\/p><p><span style=\"font-family: arial, helvetica, sans-serif;\"><b><br \/>WgiR-Fraktionsvorsitzender Volker Hahn <\/b>berichtete dazu r\u00fcckblickend, dass die Fraktion ihre<b>\u00a0f\u00fcnf Sitze<\/b>\u00a0im Stadtrat bei der letzten Kommunalwahl halten konnte und nun mit mehr \u201eFrauenpower\u201c dank der zwei neuen und sehr engagierten weiblichen Mandatstr\u00e4gerinnen ihre Arbeit fortsetzen kann. Auch ein Ziel der\u00a0<b>WgiR<\/b>\u00a0war es, einen\u00a0<b>neuen B\u00fcrgermeister\u00a0<\/b>zu etablieren. Vom\u00a0<b>frischen Wind<\/b>\u00a0im Rathaus ist aber nichts zu sp\u00fcren und man bekommt den Eindruck, dass leider nur weiter\u00a0<b>&#8222;verwaltet&#8220;<\/b>, aber<b>\u00a0keine Zukunft gestalte<\/b>t wird. Nachdem es gemeinsam mit der CDU gelungen sei, einen neuen B\u00fcrgermeister im Rathaus zu etablieren, ist von dem bekundeten Willen, auch gemeinsam im Rat zukunftsweisend <\/span><span style=\"font-family: arial, helvetica, sans-serif;\"><b>zusammen-<\/b><\/span><span style=\"font-family: arial, helvetica, sans-serif;\"><b>arbeiten <\/b>zu wollen, schon in der ersten Ratssitzung nichts mehr erkennbar gewesen.<br \/><\/span><br \/><span style=\"font-family: arial, helvetica, sans-serif;\">In der Ratssitzung am 21. April konnte die Fraktion der WgiR <b>acht Antr\u00e4ge<\/b>\u00a0auf den Weg bringen und ihre gesteckten Ziele damit aufzeigen. Bereits im Vorfeld gab es positive Resonanzen und Absprachen mit anderen Ratsfraktionen. So werden die Themen Sirenen, Budget f\u00fcr die Ortsr\u00e4te, Interkommunale Zusammenarbeit, Stadtleitbild, Stra\u00dfenausbaubeitr\u00e4ge und -sanierung auch gemeinsam mit den anderen Fraktionen angepackt.<\/span><\/p><p><span style=\"font-family: arial, helvetica, sans-serif;\">\u00a0<\/span><\/p><p><span style=\"font-family: arial, helvetica, sans-serif;\">Fragen und Kritik zum Haushalt aber, insbesondere zum Stellenplan, waren nicht gewollt. Dass die\u00a0<b>WgiR<\/b>\u00a0schon vor der Ratssitzung nach einer\u00a0<b>Stellenbeschreibung<\/b>\u00a0f\u00fcr die\u00a0<b>Stabs-<\/b>\u00a0und\u00a0<b>Controllingstelle\u00a0<\/b>gefragt hatte, diese aber nicht bekam und deshalb in der Ratssitzung erneute diese &#8222;Stelle&#8220; im Stellenplan hinterfragte, konnte der B\u00fcrgermeister nicht verstehen und auch die CDU erkl\u00e4rt, dass man immer gute Ausk\u00fcnfte bekommen w\u00fcrde. Doch die Frage nach der\u00a0<b>Aufgabenzuweisung<\/b>, die zu dieser Stelle geh\u00f6rt muss erlaubt sein, wenn seit Jahren in den Pr\u00fcfberichten der Kommunalaufsicht kostenverursachende Nachl\u00e4ssigkeiten und Ausschreibungsfehler bem\u00e4ngelt werden, obwohl es doch ein\u00a0<b>Controlling\u00a0<\/b>gibt. Wie also ist das\u00a0<b>Controlling<\/b>\u00a0in Bad Lauterberg geregelt? Auch mit Blick auf eine m\u00f6gliche \u00dcberlastung der &#8222;nur&#8220; zwei Fachbereichsleiter f\u00fcr die vier Bereiche Bau, Soziales, Innere Dienste und Ordnung stellt sich doch die Frage, ob man sich tats\u00e4chlich eine Stabsstelle, die eigentlich nur f\u00fcr besondere Aufgaben geschaffen und eingerichtet wird, \u00fcberhaupt leisten kann bzw. sollte und wof\u00fcr?<\/span><\/p><p><span style=\"font-family: arial, helvetica, sans-serif;\">\u00a0<\/span><\/p><p><span style=\"font-family: arial, helvetica, sans-serif;\">Indes versuchte Ratsherr Klaus-Richard Behling von der BI die Angelegenheit zu\u00a0<b>verunsachlichen,<\/b>\u00a0indem er sie auf eine pers\u00f6nliche Ebene ziehen wollte. Vermutlich verstand er den Unterschied zwischen einer Stelle mit\u00a0<b>Aufgaben- bzw. Stellenbeschreibung<\/b>\u00a0und einer\u00a0<b>erbrachten Arbeitsleistung<\/b>\u00a0nicht. So ist es doch mehr als verwunderlich, dass es in Bad Lauterberg seit Jahren eine hohe Beamtenstelle gibt, ohne das die Verwaltung daf\u00fcr eine Stellenbeschreibung mit klar formulierten Aufgaben vorlegen kann oder m\u00f6chte.<\/span><\/p><p><span style=\"font-family: arial, helvetica, sans-serif;\">\u00a0<\/span><\/p><p><span style=\"font-family: arial, helvetica, sans-serif;\">Ebenso an der Sache vorbei argumentierte Holger Thiesmeyer bei dem Einwand der WgiR, dass mit dem Beschluss zur Haushaltssatzung auch das Projekt\u00a0<b>&#8222;Kirchplatz in Osterhagen&#8220;<\/b>\u00a0beendet werden soll. Er f\u00fchrte aus, dass im Ausschuss dar\u00fcber gesprochen worden sei und der Ortsb\u00fcrgermeister sich mit dem Projektende abgefunden habe. Dass dieses Thema nicht einmal auf der\u00a0<b>Tagesordnung des Bauausschusses\u00a0<\/b>stand und folglich interessierte B\u00fcrger*innen Rat gar nicht wissen konnten, dass dar\u00fcber gesprochen wird, ersetzt doch\u00a0<b>keine ordentliche, \u00f6ffentliche Debatte!\u00a0<\/b>Aber das wusste Herr Thiesmeyer sicher auch. Und die eigentliche Frage ist doch, ob es dem Rat wirklich gen\u00fcgt, dass die Verwaltung mit einem Satz im Vorbericht zum Haushalt ein von ihm (Rat) beschlossenes Projekt, welche ja auch bereits\u00a0<b>Kosten<\/b>\u00a0verursacht hat, quasi nebenbei beendet werden soll?\u00a0<b><i>Da k\u00f6nnte man doch den Eindruck bekommen, dass in Bad Lauterberg die Verwaltung die Richtung vorgibt und der Rat sie ohne Einw\u00e4nde gern gew\u00e4hren l\u00e4sst<\/i><\/b>.<\/span><\/p><p><span style=\"font-family: arial, helvetica, sans-serif;\">\u00a0<\/span><\/p><p><span style=\"font-family: arial, helvetica, sans-serif;\">Auch aus den\u00a0<b>Ortsr\u00e4ten Osterhagen und Bartolfelde<\/b>\u00a0wurde berichtet. So f\u00fchrte der Ratsvorsitzende\u00a0<b>Harald Liebau<\/b>\u00a0als Ortsratsmitglied f\u00fcr Bartolfelde aus, dass nach langer Zeit der Vorarbeit und vieler Widerst\u00e4nde nunmehr sich die Ortsr\u00e4te in den drei Bad Lauterberger Stadtteilen etablieren konnten und ihre Arbeit aufgenommen haben. Sehr vern\u00fcnftig und weitblickend sei auch die geplante Zusammenarbeit der drei Ortsr\u00e4te. Wir stehen in den Startl\u00f6chern, so Liebau, um was zu organisieren f\u00fcr die bisher wenig beachteten Probleme und Ideen der Einwohner in den Ortsteilen. Dem erg\u00e4nzte\u00a0<b>WgiR-Ortsb\u00fcrgermeister Achim Sommerfeld<\/b>\u00a0aus Osterhagen, dass die neuen Ortsr\u00e4te zwar sehr agil und Ideenreich an die Arbeit gegangen sind, jedoch gleich wieder von der Verwaltung eingebremst wurden. Beim Thema Solar- und Windenergie, Freiwilliger Feuerwehr, Baugebiete, Glasfaserkabel und eben bei den Finanzmitteln (Budget) pocht die Stadt auf ihre Zust\u00e4ndigkeit. Komisch nur, dass man sich bisher nur wenig um die Sorgen der Ortsteile gek\u00fcmmert habe. Komisch auch, dass die Stadt beim Antrag \u00fcber die Sirenen dann gleich wieder erkl\u00e4rte, nicht zust\u00e4ndig zu sein. Hier h\u00e4tte die WgiR\u00a0<b>mehr Engagement<\/b>\u00a0vom B\u00fcrgermeister erwartet und kein Abwimmeln. Schlie\u00dflich geht es an dieser Stelle doch um die Sicherheit unserer Einwohner*innen.<\/span><\/p><p><span style=\"font-family: arial, helvetica, sans-serif;\">\u00a0<\/span><\/p><p><span style=\"font-family: arial, helvetica, sans-serif;\">Sehr erfreulich aber sei, dass in den Ortsr\u00e4ten eine Zusammenarbeit \u00fcber die Parteigrenzen hinaus m\u00f6glich ist, so die beiden WgiR-Ortsratsmandatstr\u00e4ger.<\/span><\/p><p>r<\/p>\t\t\t\t\t\t\t\t<\/div>\n\t\t\t\t<\/div>\n\t\t\t\t\t<\/div>\n\t\t<\/div>\n\t\t\t\t\t<\/div>\n\t\t<\/section>\n\t\t\t\t<\/div>\n\t\t","protected":false},"excerpt":{"rendered":"<p>Bad Lauterberg. Neben den allgemeinen Regularien, der am Wochenende (22.4.22) durchgef\u00fchrten Jahreshauptversammlung der W\u00e4hlergruppe im Rat (WgiR), standen die Berichte<\/p>\n","protected":false},"author":1,"featured_media":2515,"comment_status":"closed","ping_status":"open","sticky":false,"template":"","format":"standard","meta":{"colormag_page_container_layout":"default_layout","colormag_page_sidebar_layout":"default_layout","footnotes":""},"categories":[150,50],"tags":[],"class_list":["post-4708","post","type-post","status-publish","format-standard","has-post-thumbnail","hentry","category-150","category-archiv"],"magazineBlocksPostFeaturedMedia":{"thumbnail":"https:\/\/i0.wp.com\/www.wgir.de\/wp-content\/uploads\/2021\/11\/fraktion_wgir_02.jpg?resize=150%2C150&ssl=1","medium":"https:\/\/i0.wp.com\/www.wgir.de\/wp-content\/uploads\/2021\/11\/fraktion_wgir_02.jpg?fit=310%2C172&ssl=1","medium_large":"https:\/\/i0.wp.com\/www.wgir.de\/wp-content\/uploads\/2021\/11\/fraktion_wgir_02.jpg?fit=768%2C427&ssl=1","large":"https:\/\/i0.wp.com\/www.wgir.de\/wp-content\/uploads\/2021\/11\/fraktion_wgir_02.jpg?fit=800%2C445&ssl=1","1536x1536":"https:\/\/i0.wp.com\/www.wgir.de\/wp-content\/uploads\/2021\/11\/fraktion_wgir_02.jpg?fit=800%2C445&ssl=1","2048x2048":"https:\/\/i0.wp.com\/www.wgir.de\/wp-content\/uploads\/2021\/11\/fraktion_wgir_02.jpg?fit=800%2C445&ssl=1","colormag-highlighted-post":"https:\/\/i0.wp.com\/www.wgir.de\/wp-content\/uploads\/2021\/11\/fraktion_wgir_02.jpg?resize=392%2C272&ssl=1","colormag-featured-post-medium":"https:\/\/i0.wp.com\/www.wgir.de\/wp-content\/uploads\/2021\/11\/fraktion_wgir_02.jpg?resize=390%2C205&ssl=1","colormag-featured-post-small":"https:\/\/i0.wp.com\/www.wgir.de\/wp-content\/uploads\/2021\/11\/fraktion_wgir_02.jpg?resize=130%2C90&ssl=1","colormag-featured-image":"https:\/\/i0.wp.com\/www.wgir.de\/wp-content\/uploads\/2021\/11\/fraktion_wgir_02.jpg?resize=800%2C445&ssl=1","colormag-default-news":"https:\/\/i0.wp.com\/www.wgir.de\/wp-content\/uploads\/2021\/11\/fraktion_wgir_02.jpg?resize=150%2C150&ssl=1","colormag-featured-image-large":"https:\/\/i0.wp.com\/www.wgir.de\/wp-content\/uploads\/2021\/11\/fraktion_wgir_02.jpg?resize=800%2C445&ssl=1","colormag-elementor-block-extra-large-thumbnail":"https:\/\/i0.wp.com\/www.wgir.de\/wp-content\/uploads\/2021\/11\/fraktion_wgir_02.jpg?resize=800%2C445&ssl=1","colormag-elementor-grid-large-thumbnail":"https:\/\/i0.wp.com\/www.wgir.de\/wp-content\/uploads\/2021\/11\/fraktion_wgir_02.jpg?resize=600%2C417&ssl=1","colormag-elementor-grid-small-thumbnail":"https:\/\/i0.wp.com\/www.wgir.de\/wp-content\/uploads\/2021\/11\/fraktion_wgir_02.jpg?resize=285%2C445&ssl=1","colormag-elementor-grid-medium-large-thumbnail":"https:\/\/i0.wp.com\/www.wgir.de\/wp-content\/uploads\/2021\/11\/fraktion_wgir_02.jpg?resize=575%2C198&ssl=1"},"magazineBlocksPostAuthor":{"name":"Homepage webmaster","avatar":"https:\/\/secure.gravatar.com\/avatar\/6f96ca7c0487a8f61b8f75f39df16ab2d64a4669b827b479e37fe76a80a4c6d8?s=96&d=mm&r=g"},"magazineBlocksPostCommentsNumber":false,"magazineBlocksPostExcerpt":"Bad Lauterberg. Neben den allgemeinen Regularien, der am Wochenende (22.4.22) durchgef\u00fchrten Jahreshauptversammlung der W\u00e4hlergruppe im Rat (WgiR), standen die Berichte","magazineBlocksPostCategories":["2022","Archiv"],"magazineBlocksPostViewCount":30,"magazineBlocksPostReadTime":5,"magazine_blocks_featured_image_url":{"full":["https:\/\/i0.wp.com\/www.wgir.de\/wp-content\/uploads\/2021\/11\/fraktion_wgir_02.jpg?fit=800%2C445&ssl=1",800,445,false],"medium":["https:\/\/i0.wp.com\/www.wgir.de\/wp-content\/uploads\/2021\/11\/fraktion_wgir_02.jpg?fit=310%2C172&ssl=1",310,172,true],"thumbnail":["https:\/\/i0.wp.com\/www.wgir.de\/wp-content\/uploads\/2021\/11\/fraktion_wgir_02.jpg?resize=150%2C150&ssl=1",150,150,true]},"magazine_blocks_author":{"display_name":"Homepage webmaster","author_link":"https:\/\/www.wgir.de\/?author=1"},"magazine_blocks_comment":0,"magazine_blocks_author_image":"https:\/\/secure.gravatar.com\/avatar\/6f96ca7c0487a8f61b8f75f39df16ab2d64a4669b827b479e37fe76a80a4c6d8?s=96&d=mm&r=g","magazine_blocks_category":"<a href=\"#\" class=\"category-link category-link-150\">2022<\/a> <a href=\"#\" class=\"category-link category-link-50\">Archiv<\/a>","videoUrl":"","_links":{"self":[{"href":"https:\/\/www.wgir.de\/index.php?rest_route=\/wp\/v2\/posts\/4708","targetHints":{"allow":["GET"]}}],"collection":[{"href":"https:\/\/www.wgir.de\/index.php?rest_route=\/wp\/v2\/posts"}],"about":[{"href":"https:\/\/www.wgir.de\/index.php?rest_route=\/wp\/v2\/types\/post"}],"author":[{"embeddable":true,"href":"https:\/\/www.wgir.de\/index.php?rest_route=\/wp\/v2\/users\/1"}],"replies":[{"embeddable":true,"href":"https:\/\/www.wgir.de\/index.php?rest_route=%2Fwp%2Fv2%2Fcomments&post=4708"}],"version-history":[{"count":1,"href":"https:\/\/www.wgir.de\/index.php?rest_route=\/wp\/v2\/posts\/4708\/revisions"}],"predecessor-version":[{"id":8660,"href":"https:\/\/www.wgir.de\/index.php?rest_route=\/wp\/v2\/posts\/4708\/revisions\/8660"}],"wp:featuredmedia":[{"embeddable":true,"href":"https:\/\/www.wgir.de\/index.php?rest_route=\/wp\/v2\/media\/2515"}],"wp:attachment":[{"href":"https:\/\/www.wgir.de\/index.php?rest_route=%2Fwp%2Fv2%2Fmedia&parent=4708"}],"wp:term":[{"taxonomy":"category","embeddable":true,"href":"https:\/\/www.wgir.de\/index.php?rest_route=%2Fwp%2Fv2%2Fcategories&post=4708"},{"taxonomy":"post_tag","embeddable":true,"href":"https:\/\/www.wgir.de\/index.php?rest_route=%2Fwp%2Fv2%2Ftags&post=4708"}],"curies":[{"name":"wp","href":"https:\/\/api.w.org\/{rel}","templated":true}]}}