{"id":4669,"date":"2022-04-23T06:55:39","date_gmt":"2022-04-23T06:55:39","guid":{"rendered":"https:\/\/mein.wgir.de\/?p=4669"},"modified":"2026-08-19T10:32:20","modified_gmt":"2026-08-19T10:32:20","slug":"waehlergruppe-im-rat-trauert-um-frank-bode","status":"publish","type":"post","link":"https:\/\/www.wgir.de\/?p=4669","title":{"rendered":"W\u00e4hlergruppe im Rat trauert um Frank Bode"},"content":{"rendered":"\n<p class=\"wp-block-paragraph\">Es schmerzt so sehr, einen guten Freund zu verlieren &#8230; <\/p>\n\n\n\n<p class=\"wp-block-paragraph\">Die W\u00e4hlergruppe im Rat trauert um das Gr\u00fcndungsmitglied Frank Bode. Alle die Ihn kennen durften, haben seine besondere Ausstrahlung und Hilfsbereitschaft gesch\u00e4tzt.<\/p>\n\n\n\n<p class=\"wp-block-paragraph\">Wir sind sehr traurig und in Gedanken bei der Familie<\/p>\n","protected":false},"excerpt":{"rendered":"<p>Es schmerzt so sehr, einen guten Freund zu verlieren &#8230; Die W\u00e4hlergruppe im Rat trauert um das Gr\u00fcndungsmitglied Frank Bode.<\/p>\n","protected":false},"author":1,"featured_media":4670,"comment_status":"closed","ping_status":"open","sticky":false,"template":"","format":"standard","meta":{"colormag_page_container_layout":"default_layout","colormag_page_sidebar_layout":"default_layout","footnotes":""},"categories":[150,50,147],"tags":[],"class_list":["post-4669","post","type-post","status-publish","format-standard","has-post-thumbnail","hentry","category-150","category-archiv","category-barbis"],"magazineBlocksPostFeaturedMedia":{"thumbnail":"https:\/\/i0.wp.com\/www.wgir.de\/wp-content\/uploads\/2022\/04\/beileid_bode.jpg?resize=150%2C150&ssl=1","medium":"https:\/\/i0.wp.com\/www.wgir.de\/wp-content\/uploads\/2022\/04\/beileid_bode.jpg?fit=310%2C174&ssl=1","medium_large":"https:\/\/i0.wp.com\/www.wgir.de\/wp-content\/uploads\/2022\/04\/beileid_bode.jpg?fit=768%2C432&ssl=1","large":"https:\/\/i0.wp.com\/www.wgir.de\/wp-content\/uploads\/2022\/04\/beileid_bode.jpg?fit=800%2C450&ssl=1","1536x1536":"https:\/\/i0.wp.com\/www.wgir.de\/wp-content\/uploads\/2022\/04\/beileid_bode.jpg?fit=960%2C540&ssl=1","2048x2048":"https:\/\/i0.wp.com\/www.wgir.de\/wp-content\/uploads\/2022\/04\/beileid_bode.jpg?fit=960%2C540&ssl=1","colormag-highlighted-post":"https:\/\/i0.wp.com\/www.wgir.de\/wp-content\/uploads\/2022\/04\/beileid_bode.jpg?resize=392%2C272&ssl=1","colormag-featured-post-medium":"https:\/\/i0.wp.com\/www.wgir.de\/wp-content\/uploads\/2022\/04\/beileid_bode.jpg?resize=390%2C205&ssl=1","colormag-featured-post-small":"https:\/\/i0.wp.com\/www.wgir.de\/wp-content\/uploads\/2022\/04\/beileid_bode.jpg?resize=130%2C90&ssl=1","colormag-featured-image":"https:\/\/i0.wp.com\/www.wgir.de\/wp-content\/uploads\/2022\/04\/beileid_bode.jpg?resize=800%2C445&ssl=1","colormag-default-news":"https:\/\/i0.wp.com\/www.wgir.de\/wp-content\/uploads\/2022\/04\/beileid_bode.jpg?resize=150%2C150&ssl=1","colormag-featured-image-large":"https:\/\/i0.wp.com\/www.wgir.de\/wp-content\/uploads\/2022\/04\/beileid_bode.jpg?resize=960%2C540&ssl=1","colormag-elementor-block-extra-large-thumbnail":"https:\/\/i0.wp.com\/www.wgir.de\/wp-content\/uploads\/2022\/04\/beileid_bode.jpg?resize=960%2C480&ssl=1","colormag-elementor-grid-large-thumbnail":"https:\/\/i0.wp.com\/www.wgir.de\/wp-content\/uploads\/2022\/04\/beileid_bode.jpg?resize=600%2C417&ssl=1","colormag-elementor-grid-small-thumbnail":"https:\/\/i0.wp.com\/www.wgir.de\/wp-content\/uploads\/2022\/04\/beileid_bode.jpg?resize=285%2C450&ssl=1","colormag-elementor-grid-medium-large-thumbnail":"https:\/\/i0.wp.com\/www.wgir.de\/wp-content\/uploads\/2022\/04\/beileid_bode.jpg?resize=575%2C198&ssl=1"},"magazineBlocksPostAuthor":{"name":"Homepage webmaster","avatar":"https:\/\/secure.gravatar.com\/avatar\/6f96ca7c0487a8f61b8f75f39df16ab2d64a4669b827b479e37fe76a80a4c6d8?s=96&d=mm&r=g"},"magazineBlocksPostCommentsNumber":false,"magazineBlocksPostExcerpt":"Es schmerzt so sehr, einen guten Freund zu verlieren &#8230; Die W\u00e4hlergruppe im Rat trauert um das Gr\u00fcndungsmitglied Frank Bode.","magazineBlocksPostCategories":["2022","Archiv","Barbis"],"magazineBlocksPostViewCount":30,"magazineBlocksPostReadTime":1,"magazine_blocks_featured_image_url":{"full":["https:\/\/i0.wp.com\/www.wgir.de\/wp-content\/uploads\/2022\/04\/beileid_bode.jpg?fit=960%2C540&ssl=1",960,540,false],"medium":["https:\/\/i0.wp.com\/www.wgir.de\/wp-content\/uploads\/2022\/04\/beileid_bode.jpg?fit=310%2C174&ssl=1",310,174,true],"thumbnail":["https:\/\/i0.wp.com\/www.wgir.de\/wp-content\/uploads\/2022\/04\/beileid_bode.jpg?resize=150%2C150&ssl=1",150,150,true]},"magazine_blocks_author":{"display_name":"Homepage webmaster","author_link":"https:\/\/www.wgir.de\/?author=1"},"magazine_blocks_comment":0,"magazine_blocks_author_image":"https:\/\/secure.gravatar.com\/avatar\/6f96ca7c0487a8f61b8f75f39df16ab2d64a4669b827b479e37fe76a80a4c6d8?s=96&d=mm&r=g","magazine_blocks_category":"<a href=\"#\" class=\"category-link category-link-150\">2022<\/a> <a href=\"#\" class=\"category-link category-link-50\">Archiv<\/a> <a href=\"#\" class=\"category-link category-link-147\">Barbis<\/a>","videoUrl":"","_links":{"self":[{"href":"https:\/\/www.wgir.de\/index.php?rest_route=\/wp\/v2\/posts\/4669","targetHints":{"allow":["GET"]}}],"collection":[{"href":"https:\/\/www.wgir.de\/index.php?rest_route=\/wp\/v2\/posts"}],"about":[{"href":"https:\/\/www.wgir.de\/index.php?rest_route=\/wp\/v2\/types\/post"}],"author":[{"embeddable":true,"href":"https:\/\/www.wgir.de\/index.php?rest_route=\/wp\/v2\/users\/1"}],"replies":[{"embeddable":true,"href":"https:\/\/www.wgir.de\/index.php?rest_route=%2Fwp%2Fv2%2Fcomments&post=4669"}],"version-history":[{"count":1,"href":"https:\/\/www.wgir.de\/index.php?rest_route=\/wp\/v2\/posts\/4669\/revisions"}],"predecessor-version":[{"id":8662,"href":"https:\/\/www.wgir.de\/index.php?rest_route=\/wp\/v2\/posts\/4669\/revisions\/8662"}],"wp:featuredmedia":[{"embeddable":true,"href":"https:\/\/www.wgir.de\/index.php?rest_route=\/wp\/v2\/media\/4670"}],"wp:attachment":[{"href":"https:\/\/www.wgir.de\/index.php?rest_route=%2Fwp%2Fv2%2Fmedia&parent=4669"}],"wp:term":[{"taxonomy":"category","embeddable":true,"href":"https:\/\/www.wgir.de\/index.php?rest_route=%2Fwp%2Fv2%2Fcategories&post=4669"},{"taxonomy":"post_tag","embeddable":true,"href":"https:\/\/www.wgir.de\/index.php?rest_route=%2Fwp%2Fv2%2Ftags&post=4669"}],"curies":[{"name":"wp","href":"https:\/\/api.w.org\/{rel}","templated":true}]}}