{"id":3137,"date":"2018-05-07T09:27:00","date_gmt":"2018-05-07T09:27:00","guid":{"rendered":"https:\/\/mein.wgir.de\/?p=3137"},"modified":"2024-11-01T19:50:48","modified_gmt":"2024-11-01T19:50:48","slug":"boykott-oder-notwendige-konsequenz","status":"publish","type":"post","link":"https:\/\/www.wgir.de\/?p=3137","title":{"rendered":"Boykott oder notwendige Konsequenz?"},"content":{"rendered":"\t\t<div data-elementor-type=\"wp-post\" data-elementor-id=\"3137\" class=\"elementor elementor-3137\">\n\t\t\t\t\t\t<section class=\"elementor-section elementor-top-section elementor-element elementor-element-2028151 elementor-section-boxed elementor-section-height-default elementor-section-height-default wpr-particle-no wpr-jarallax-no wpr-parallax-no wpr-sticky-section-no wpr-column-slider-no wpr-equal-height-no\" data-id=\"2028151\" data-element_type=\"section\" data-e-type=\"section\">\n\t\t\t\t\t\t<div class=\"elementor-container elementor-column-gap-default\">\n\t\t\t\t\t<div class=\"elementor-column elementor-col-100 elementor-top-column elementor-element elementor-element-e3fdc3f\" data-id=\"e3fdc3f\" data-element_type=\"column\" data-e-type=\"column\">\n\t\t\t<div class=\"elementor-widget-wrap elementor-element-populated\">\n\t\t\t\t\t\t<div class=\"elementor-element elementor-element-41ffe33 elementor-widget elementor-widget-text-editor\" data-id=\"41ffe33\" data-element_type=\"widget\" data-e-type=\"widget\" data-widget_type=\"text-editor.default\">\n\t\t\t\t<div class=\"elementor-widget-container\">\n\t\t\t\t\t\t\t\t\t<p><span style=\"font-family: arial, helvetica, sans-serif;\">Mit Worten wie \u201eWgiR und CDU boykottieren Ratssitzung\u201c wurde die \u00d6ffentlichkeit aus den Medien informiert.<\/span><\/p><p><span style=\"font-family: arial, helvetica, sans-serif;\">Warum blieben die Mitglieder der Gro\u00dfen Gruppe aber der Ratssitzung in Osterhagen fern. WgiR bezieht Stellung und m\u00f6chte einige Unstimmigkeiten klar stellen.<\/span><\/p><p><span style=\"font-family: arial, helvetica, sans-serif;\">Als Hauptverwaltungsbeamter ist der B\u00fcrgermeister f\u00fcr die Aufstellung der Tagesordnung und der Einberufung des Rates verantwortlich, wobei er sich dabei an bestimmte Regeln aus dem Nieders\u00e4chsischen Kommunalverfassungsgesetz und der Gesch\u00e4ftsordnung des Rates halten muss. Doch diese Grunds\u00e4tz hat Dr. Gans nicht befolgt. Folglich haben sich nicht, wie berichtet, die Ratsmitglieder falsch verhalten, sondern er selbst. Warum aber musste die Gruppe CDU\/WgiR so entschlossen handeln? Eine kurze Gegen\u00fcberstellung der Fakten dient zur Aufkl\u00e4rung.<\/span><\/p><p><span style=\"font-family: arial, helvetica, sans-serif;\">In den vergangenen Jahren hatten wir bekanntlich bei unseren drei Grundschulen einen Sanierungsstau und mussten folgenden Sachverhalt erleben: Dr. Gans erkannte in der Reduzierung der Anzahl von Schulgeb\u00e4uden ein Sparpotenzial und gibt eine Machbarkeitsstudie in Auftrag. Diese wiederum enth\u00e4lt einige Varianten, doch eine wird schon beim ersten Durchlesen erkennbar favorisiert und entspricht dem von ihm gew\u00fcnschten Ergebnis. Eine Gespr\u00e4chsrunde wird gebildet, bei der nur ausgesuchte Teilnehmer mit am Tisch sitzen. Diese ber\u00e4t aber nicht \u00f6ffentlich und hat nichts mit Rat oder Fachausschuss zu tun. Ergebnisse davon werden dem Rat im Rahmen einer Informationsveranstaltung von einem bereits ausgesuchten Architekten in nicht\u00f6ffentlicher Sitzung vorgestellt. In der dann folgenden \u00f6ffentlichen Ratssitzung wurde ohne weitere Sachdebatte der Beschluss zur Schlie\u00dfung von zwei Grundschulen beschlossen \u2013 fertig. B\u00fcrgerbeteiligung gleich Null!!<\/span><\/p><p><span style=\"font-family: arial, helvetica, sans-serif;\">Bei den jetzt zur Debatte bevorstehenden vier Feuerwehrwehrh\u00e4usern geht Dr. Gans den gleichen Weg und stellt einen bekannten Sanierungsstau fest. Er erkannte in der Reduzierung der Anzahl von Feuerwehrh\u00e4usern ein Sparpotenzial und gibt eine Machbarkeitsstudie in Auftrag. Diese Studie enth\u00e4lt einige Varianten, doch eine wird schon beim ersten Durchlesen erkennbar favorisiert und entspricht dem von ihm gew\u00fcnschten Ergebnis. Eine Gespr\u00e4chsrunde wird gebildet, bei der nur ausgesuchte Teilnehmer mit am Tisch sitzen. Sie ber\u00e4t aber nicht \u00f6ffentlich und hat nichts mit Rat oder Fachausschuss zu tun. Ergebnisse werden dem Rat im Rahmen einer Informationsveranstaltung von einem bereits ausgesuchten Architekten in nicht\u00f6ffentlicher Sitzung vorgestellt. STOP !! Erkennen Sie was?<\/span><\/p><p><span style=\"font-family: arial, helvetica, sans-serif;\">Ungl\u00e4ubige sollten\u00a0daher folgendes zur Kenntnisse nehmen: die auch hier wieder als INFORMATIONSVER-ANSTALTUNG dargestellte nicht\u00f6ffentliche Ratssitzung hatte eine Tagesordnung, auf der unter Punkt 1 &#8222;Feststellung der Beschlussf\u00e4higkeit&#8220; stand.<\/span><\/p><p><span style=\"font-family: arial, helvetica, sans-serif;\">Nun dr\u00e4ngen sich weitere Fragen auf:<\/span><\/p><ul><li><p><span style=\"font-family: arial, helvetica, sans-serif;\"><em>Wenn es schon f\u00fcr eine INFORMATIONSVERANSTALTUNG eine Tagesordnung gibt, warum wurde diese dann nicht so gestaltet, das die \u00d6ffentlichkeit bis auf die Grundst\u00fccksangelegenheiten anwesend sein kann?<\/em><\/span><\/p><\/li><li><span style=\"font-family: arial, helvetica, sans-serif;\"><em>Warum wurde der Rat nicht gefragt, ob er die \u00d6ffentlichkeit ausschlie\u00dfen will? Er muss es doch entscheiden!!!<\/em><\/span><\/li><li><span style=\"font-family: arial, helvetica, sans-serif;\"><em>Warum sollte die Beschlussf\u00e4higkeit festgestellt werden, wenn es &#8222;NUR&#8220; Informationen geben sollte?<\/em><\/span><\/li><li><span style=\"font-family: arial, helvetica, sans-serif;\"><em>Warum findet eine Informationsveranstaltung statt, wenn den Ratsmitgliedern (erst auf Nachfrage und entschlossenen Dr\u00e4ngen) die Informationen dann doch schriftlich vorliegen?<\/em><\/span><\/li><li><span style=\"font-family: arial, helvetica, sans-serif;\"><em>Warum wurde SCHON WIEDER nur ein Architekt vom B\u00fcrgermeister ausgesucht?<\/em><\/span><\/li><li><span style=\"font-family: arial, helvetica, sans-serif;\"><em>UND GANZ WICHTIG: was w\u00e4re passiert, wenn jemand aus dem engen Umfeld vom B\u00fcrgermeister einen Beschlussantrag gestellt h\u00e4tte?<\/em><\/span><\/li><\/ul><p><span style=\"font-family: arial, helvetica, sans-serif;\">Die Gruppe CDU \/ WgiR h\u00e4tte diesen Antrag ablehnen m\u00fcssen, weil man erst sp\u00e4t die Unterlagen erhalten hat und man keine unbeeinflussten und \u00f6ffentliche Aus- bzw. R\u00fccksprache mit der Freiwilligen Feuerwehr halten konnte. Am Ende w\u00e4re die Gruppe als \u201edie Verhinderer\u201c und \u201edie B\u00f6sen\u201c aus der Sitzung gegangen. Aber sie h\u00e4tte sich kaum beklagen d\u00fcrfen, sie haben ja bei diesen nicht\u00f6ffentlichen Spielchen mitgemacht. NEIN \u2013 so nicht mehr !!<\/span><\/p><p><span style=\"font-family: arial, helvetica, sans-serif;\">Auch wenn den vier Ortsfeuerwehren diese Sachverhalte so nicht alle kannten und auch nur ihre Informationen von den Brandmeistern so erhalten haben &#8211; die sich im Vorfeld mit dem Rat im Rahmen eines Ausschusses ja \u00f6ffentlich auch nicht unterhalten bzw. austauschen wollten &#8211; die Gruppe CDU\/WgiR musste hier Flagge zeigen und Stop sagen. Sehr merkw\u00fcrdig war in diesem Zusammenhang leider das Verhalten des Stadtbrandmeisters, der sich noch auf der Jahreshauptversammlung der Ortsfeuerwehr Bad Lauterberg damit gebr\u00fcstet hatte, einen Feuerwehrausschuss und damit einen \u00f6ffentlichen Dialog mit den Ratsmitgliedern verhindert zu haben. Jetzt ist er und die Brandmeister entt\u00e4uscht dar\u00fcber, dass einige Ratsmitglieder nicht zu einer Ratssitzung gekommen sind, bei der die Freiwillige Feuerwehr sogar nur eingeladene G\u00e4ste waren.\u00a0<strong>W\u00e4re es nicht sogar eher seine Aufgabe gewesen, zwischen Rat, Verwaltung und den Ortswehren zu vermitteln, anstatt f\u00fcr eine Verweigerung eines offenen Austausches zu sorgen?\u00a0<\/strong>Hier agiert jemand sehr seltsam \u2026<\/span><\/p><p><span style=\"font-family: arial, helvetica, sans-serif;\">Aber unabh\u00e4ngig von Entt\u00e4uschungen auf welcher Seite auch immer<strong>, die Parallelen in der Vorgehensweise des B\u00fcrgermeisters und sein eigenm\u00e4chtiges Handeln habe der Stadt schon einmal unn\u00f6tige Millionen gekostet.<\/strong>\u00a0Das darf einfach nicht noch einmal passieren. UND das muss und sollte auch im Interesse der Feuerwehr Bad Lauterberg liegen. Denn auch sie sollte bemerkt haben, dass wir jetzt schon wieder am Daumen lutschen und der Haushalt schon wieder am Limit steht. Das hat auch etwas mit dem eigenm\u00e4chtigen Handeln unseres B\u00fcrgermeisters zu tun, von dem sich die\u00a0<strong>Brandmeister dem\u00fctig einen Maulkorb<\/strong>\u00a0<strong>verpassen<\/strong>\u00a0lie\u00dfen.<\/span><\/p><p><span style=\"font-family: arial, helvetica, sans-serif;\">Da kann auch Ingo Fiedler von der SPD ruhig der W\u00e4hlergruppe noch mangelnde Bereitschaft f\u00fcr eine Zusammenarbeit unterstellen. Zusammenarbeit f\u00fcr uns ist eben nicht gleichbedeutend mit \u2013 wir machen das so, wie der B\u00fcrgermeister es sagt. Auch Rainer Eckstein von der BI kann annehmen, dass die Gro\u00dfe Gruppe nur ihre Muskel spielen lassen wollte. Vielleicht h\u00e4tte er besser vor dem Sprechen wenigsten etwas \u00fcberlegen sollen &#8211; es geht hier wirklich um mehr, als nur um Muskelspiele und pers\u00f6nliche Befindlichkeiten.<\/span><\/p><p><span style=\"font-family: arial, helvetica, sans-serif;\">Fazit: WgiR steht den Ortswehren jederzeit f\u00fcr eine Diskussion zur Verf\u00fcgung und sind f\u00fcr Vorschl\u00e4ge dankbar. WgiR will im Sinne der Wehren offen miteinander reden und zusammen Entscheidungen treffen. WgiR will wichtigen Themen nicht f\u00fcr einen Wahlkampf missbrauchen.<\/span><\/p>\t\t\t\t\t\t\t\t<\/div>\n\t\t\t\t<\/div>\n\t\t\t\t\t<\/div>\n\t\t<\/div>\n\t\t\t\t\t<\/div>\n\t\t<\/section>\n\t\t\t\t<\/div>\n\t\t","protected":false},"excerpt":{"rendered":"<p>Mit Worten wie \u201eWgiR und CDU boykottieren Ratssitzung\u201c wurde die \u00d6ffentlichkeit aus den Medien informiert. Warum blieben die Mitglieder der<\/p>\n","protected":false},"author":1,"featured_media":6929,"comment_status":"closed","ping_status":"open","sticky":false,"template":"","format":"standard","meta":{"colormag_page_container_layout":"default_layout","colormag_page_sidebar_layout":"default_layout","footnotes":""},"categories":[166,151],"tags":[],"class_list":["post-3137","post","type-post","status-publish","format-standard","has-post-thumbnail","hentry","category-166","category-allgemeines"],"magazineBlocksPostFeaturedMedia":{"thumbnail":"https:\/\/i0.wp.com\/www.wgir.de\/wp-content\/uploads\/2018\/05\/boykott.jpg?resize=150%2C150&ssl=1","medium":"https:\/\/i0.wp.com\/www.wgir.de\/wp-content\/uploads\/2018\/05\/boykott.jpg?fit=310%2C166&ssl=1","medium_large":"https:\/\/i0.wp.com\/www.wgir.de\/wp-content\/uploads\/2018\/05\/boykott.jpg?fit=768%2C412&ssl=1","large":"https:\/\/i0.wp.com\/www.wgir.de\/wp-content\/uploads\/2018\/05\/boykott.jpg?fit=800%2C429&ssl=1","1536x1536":"https:\/\/i0.wp.com\/www.wgir.de\/wp-content\/uploads\/2018\/05\/boykott.jpg?fit=851%2C456&ssl=1","2048x2048":"https:\/\/i0.wp.com\/www.wgir.de\/wp-content\/uploads\/2018\/05\/boykott.jpg?fit=851%2C456&ssl=1","colormag-highlighted-post":"https:\/\/i0.wp.com\/www.wgir.de\/wp-content\/uploads\/2018\/05\/boykott.jpg?resize=392%2C272&ssl=1","colormag-featured-post-medium":"https:\/\/i0.wp.com\/www.wgir.de\/wp-content\/uploads\/2018\/05\/boykott.jpg?resize=390%2C205&ssl=1","colormag-featured-post-small":"https:\/\/i0.wp.com\/www.wgir.de\/wp-content\/uploads\/2018\/05\/boykott.jpg?resize=130%2C90&ssl=1","colormag-featured-image":"https:\/\/i0.wp.com\/www.wgir.de\/wp-content\/uploads\/2018\/05\/boykott.jpg?resize=800%2C445&ssl=1","colormag-default-news":"https:\/\/i0.wp.com\/www.wgir.de\/wp-content\/uploads\/2018\/05\/boykott.jpg?resize=150%2C150&ssl=1","colormag-featured-image-large":"https:\/\/i0.wp.com\/www.wgir.de\/wp-content\/uploads\/2018\/05\/boykott.jpg?resize=851%2C456&ssl=1","colormag-elementor-block-extra-large-thumbnail":"https:\/\/i0.wp.com\/www.wgir.de\/wp-content\/uploads\/2018\/05\/boykott.jpg?resize=851%2C456&ssl=1","colormag-elementor-grid-large-thumbnail":"https:\/\/i0.wp.com\/www.wgir.de\/wp-content\/uploads\/2018\/05\/boykott.jpg?resize=600%2C417&ssl=1","colormag-elementor-grid-small-thumbnail":"https:\/\/i0.wp.com\/www.wgir.de\/wp-content\/uploads\/2018\/05\/boykott.jpg?resize=285%2C450&ssl=1","colormag-elementor-grid-medium-large-thumbnail":"https:\/\/i0.wp.com\/www.wgir.de\/wp-content\/uploads\/2018\/05\/boykott.jpg?resize=575%2C198&ssl=1"},"magazineBlocksPostAuthor":{"name":"Homepage webmaster","avatar":"https:\/\/secure.gravatar.com\/avatar\/6f96ca7c0487a8f61b8f75f39df16ab2d64a4669b827b479e37fe76a80a4c6d8?s=96&d=mm&r=g"},"magazineBlocksPostCommentsNumber":false,"magazineBlocksPostExcerpt":"Mit Worten wie \u201eWgiR und CDU boykottieren Ratssitzung\u201c wurde die \u00d6ffentlichkeit aus den Medien informiert. Warum blieben die Mitglieder der","magazineBlocksPostCategories":["2018","Allgemeines"],"magazineBlocksPostViewCount":71,"magazineBlocksPostReadTime":5,"magazine_blocks_featured_image_url":{"full":["https:\/\/i0.wp.com\/www.wgir.de\/wp-content\/uploads\/2018\/05\/boykott.jpg?fit=851%2C456&ssl=1",851,456,false],"medium":["https:\/\/i0.wp.com\/www.wgir.de\/wp-content\/uploads\/2018\/05\/boykott.jpg?fit=310%2C166&ssl=1",310,166,true],"thumbnail":["https:\/\/i0.wp.com\/www.wgir.de\/wp-content\/uploads\/2018\/05\/boykott.jpg?resize=150%2C150&ssl=1",150,150,true]},"magazine_blocks_author":{"display_name":"Homepage webmaster","author_link":"https:\/\/www.wgir.de\/?author=1"},"magazine_blocks_comment":0,"magazine_blocks_author_image":"https:\/\/secure.gravatar.com\/avatar\/6f96ca7c0487a8f61b8f75f39df16ab2d64a4669b827b479e37fe76a80a4c6d8?s=96&d=mm&r=g","magazine_blocks_category":"<a href=\"#\" class=\"category-link category-link-166\">2018<\/a> <a href=\"#\" class=\"category-link category-link-151\">Allgemeines<\/a>","videoUrl":"","_links":{"self":[{"href":"https:\/\/www.wgir.de\/index.php?rest_route=\/wp\/v2\/posts\/3137","targetHints":{"allow":["GET"]}}],"collection":[{"href":"https:\/\/www.wgir.de\/index.php?rest_route=\/wp\/v2\/posts"}],"about":[{"href":"https:\/\/www.wgir.de\/index.php?rest_route=\/wp\/v2\/types\/post"}],"author":[{"embeddable":true,"href":"https:\/\/www.wgir.de\/index.php?rest_route=\/wp\/v2\/users\/1"}],"replies":[{"embeddable":true,"href":"https:\/\/www.wgir.de\/index.php?rest_route=%2Fwp%2Fv2%2Fcomments&post=3137"}],"version-history":[{"count":0,"href":"https:\/\/www.wgir.de\/index.php?rest_route=\/wp\/v2\/posts\/3137\/revisions"}],"wp:featuredmedia":[{"embeddable":true,"href":"https:\/\/www.wgir.de\/index.php?rest_route=\/wp\/v2\/media\/6929"}],"wp:attachment":[{"href":"https:\/\/www.wgir.de\/index.php?rest_route=%2Fwp%2Fv2%2Fmedia&parent=3137"}],"wp:term":[{"taxonomy":"category","embeddable":true,"href":"https:\/\/www.wgir.de\/index.php?rest_route=%2Fwp%2Fv2%2Fcategories&post=3137"},{"taxonomy":"post_tag","embeddable":true,"href":"https:\/\/www.wgir.de\/index.php?rest_route=%2Fwp%2Fv2%2Ftags&post=3137"}],"curies":[{"name":"wp","href":"https:\/\/api.w.org\/{rel}","templated":true}]}}