{"id":1752,"date":"2020-04-15T06:58:00","date_gmt":"2020-04-15T06:58:00","guid":{"rendered":"https:\/\/mein.wgir.de\/?p=1752"},"modified":"2022-01-18T08:05:58","modified_gmt":"2022-01-18T08:05:58","slug":"beendigung-der-fusionsgespraeche-beantragt-wgir-sieht-in-der-corona-krise-weitere-verschlechterung-der-rahmenbedingungen","status":"publish","type":"post","link":"https:\/\/www.wgir.de\/?p=1752","title":{"rendered":"Beendigung der Fusionsgespr\u00e4che beantragt \u2013 WgiR sieht in der Corona-Krise weitere Verschlechterung der Rahmenbedingungen"},"content":{"rendered":"\t\t<div data-elementor-type=\"wp-post\" data-elementor-id=\"1752\" class=\"elementor elementor-1752\">\n\t\t\t\t\t\t<section class=\"elementor-section elementor-top-section elementor-element elementor-element-8049972 elementor-section-boxed elementor-section-height-default elementor-section-height-default wpr-particle-no wpr-jarallax-no wpr-parallax-no wpr-sticky-section-no wpr-column-slider-no wpr-equal-height-no\" data-id=\"8049972\" data-element_type=\"section\" data-e-type=\"section\">\n\t\t\t\t\t\t<div class=\"elementor-container elementor-column-gap-default\">\n\t\t\t\t\t<div class=\"elementor-column elementor-col-100 elementor-top-column elementor-element elementor-element-97a2883\" data-id=\"97a2883\" data-element_type=\"column\" data-e-type=\"column\">\n\t\t\t<div class=\"elementor-widget-wrap elementor-element-populated\">\n\t\t\t\t\t\t<div class=\"elementor-element elementor-element-7245707 elementor-widget elementor-widget-text-editor\" data-id=\"7245707\" data-element_type=\"widget\" data-e-type=\"widget\" data-widget_type=\"text-editor.default\">\n\t\t\t\t<div class=\"elementor-widget-container\">\n\t\t\t\t\t\t\t\t\t<p><b>Bad Lauterberg.\u00a0<\/b>Nach dem Ende Mai 2018 der Stadtrat Bad Lauterberg den Beschluss fasste in Sondierungsgespr\u00e4che f\u00fcr eine Fusion mit der Stadt Bad Sachsa und der Gemeinde einzusteigen, begann die\u00a0<b>\u201eW\u00e4hlergruppe im Rat (WgiR)\u201c\u00a0<\/b>sofort eine eigene intensive Recherche. In diese gewonnenen Erkenntnisse flossen auch teilweise die Ergebnisse der nachfolgenden Fusionsverhandlungen, der \u00f6ffentlichen Informationsveranstaltungen sowie die Ergebnisse der beauftragten unabh\u00e4ngigen Wirtschaftspr\u00fcfer ein. Alle diese Fakten, die\u00a0<b>exorbitante Verschuldung<\/b>\u00a0der Stadt Bad Sachsa(Stand 4.2019 rd.\u00a0<b>27 Mio. \u20ac<\/b>) sowie die mit einer Fusion ansteigende pro Kopfverschuldung f\u00fcr Bad Lauterberg von rd. 908 \u20ac (Stand 4.2019) um mehr als\u00a0<b>100 Prozent,<\/b>\u00a0haben die WgiR zu der Erkenntnis gebracht, dass bei einer Fusion\u00a0<b><u>\u201ekeine positiven Auswirkungen f\u00fcr die B\u00fcrger Bad Lauterbergs erkennbar sind\u201c.<\/u><\/b><br \/>Aufgrund der laufenden Corona-Pandemie, die die wirtschaftliche Situation aller drei Kommunen nochmals erheblich verschlechtern wird, hat die WgiR nun den Antrag auf\u00a0<b><u>\u201eBeendigung der Fusionsgespr\u00e4che\u201c\u00a0<\/u><\/b>gestellt.<br \/>Begr\u00fcndet wird der Antrag f\u00fcr die n\u00e4chste Ratssitzung damit, dass Verluste bei der Gewerbesteuer und Fehlbetr\u00e4ge aus den Gemeindeanteilen f\u00fcr Einkommens- und Umsatzsteuer sich negativ auswirken werden. Hinzu kommen ausgebliebene und weiterhin ausbleibende bzw. geringere Eintrittsgelder f\u00fcr B\u00e4dern, Museen und Veranstaltungen, Kurtaxe, usw. Die fehlenden Einnahmen werden sich auf die<b>\u00a0Liquidit\u00e4t\u00a0<\/b>der beiden St\u00e4dte Bad Sachsa und Bad Lauterberg sowie die der Gemeinde Walkenried erheblich auswirken.<br \/>Welche konkreten Auswirkungen die ver\u00e4nderten Haushaltslagen auf die Fusionsverhandlungen bzw. Fusionsrahmenbedingungen haben wird, ist derzeit nicht vorhersehbar. Doch absehbar ist aber schon jetzt, dass die\u00a0<b>Haushaltsmittel\u00a0<\/b>auch in den Folgejahren\u00a0<b>stark eingeschr\u00e4nkt<\/b>\u00a0sein werden.<br \/>Sinnvoll erscheint es deshalb zu sein, dass zun\u00e4chst\u00a0<b>jeder selbst\u00a0<\/b>seine Investitionen einer sogf\u00e4ltigen Pr\u00fcfung unterzieht, die\u00a0<b>Problemlagen<\/b>\u00a0feststellt und offenlegt. Das vorliegende Gutachten d\u00fcrfte unter den gegebenen Umst\u00e4nden der Corona-Krise und den daraus resultierenden Auswirkungen\u00a0<b>nicht mehr aussagekr\u00e4ftig\u00a0<\/b>sein.<br \/>Zudem \u00e4u\u00dferte erst k\u00fcrzlich auch ein Vertreter des Landes die Bitte, dass jeder Akteur die Perspektiven seiner Gemeinde zun\u00e4chst f\u00fcr sich allein betrachten solle. Auch er sieht perspektivisch f\u00fcr Bad Lauterberg noch Chancen f\u00fcr eine Eigenst\u00e4ndigkeit.<br \/>Die\u00a0<b>W\u00e4hlergruppe im Rat\u00a0<\/b>ist der Meinung, dass unsere Stadt aufgrund der Corona-Krise vor einer\u00a0<b>gro\u00dfen Aufgabe<\/b>\u00a0steht und jetzt alles tun muss, damit die Stadt Bad Lauterberg sich rasch von den Auswirkungen erholt. Ganz besonders ist dies f\u00fcr unseren<b>\u00a0Einzelhandel\u00a0<\/b>und f\u00fcr die<b>\u00a0Hotels\u00a0<\/b>sowie\u00a0<b>Gastst\u00e4tten\u00a0<\/b>von\u00a0<b>extremer Bedeutung.<\/b>\u00a0<b>Leerst\u00e4nde<\/b>\u00a0von Gesch\u00e4ften, insbesondere in der\u00a0<b>Innenstadt\u00a0<\/b>m\u00fcssen verhindert werden. Da die Stadt \u00fcber\u00a0<b>keine R\u00fccklagen<\/b>\u00a0verf\u00fcgt und \u00fcber ein Rettungsschirm f\u00fcr Kommunen noch nicht einmal gesprochen wurde, m\u00fcssen wir \u00fcber Investitionen sehr\u00a0<b>sorgf\u00e4ltig\u00a0<\/b>und vor allem\u00a0<b>zielf\u00fchrend nachdenken<\/b>. Wir m\u00fcssen Gespr\u00e4che f\u00fchren &#8211; aber nicht mehr mit Bad Sachsa und Walkenried, sondern mit dem\u00a0<b>Land Niedersachsen<\/b>. Wir m\u00fcssen \u00fcber den Tellerrand schauen &#8211; aber nicht nur bis zu unseren Nachbarn, sondern bis zu den\u00a0<b>Corona-F\u00f6rdert\u00f6pfen<\/b>\u00a0des\u00a0<b>Bundes<\/b>. Auch deshalb macht es zum derzeitigen Zeitpunkt keinen Sinn mehr, noch \u00fcber eine Fusion weiter zu verhandeln.\u00a0<b><i>Es ist eine unerwartete und g\u00e4nzlich neue Situation entstanden.<\/i><\/b><\/p>\t\t\t\t\t\t\t\t<\/div>\n\t\t\t\t<\/div>\n\t\t\t\t\t<\/div>\n\t\t<\/div>\n\t\t\t\t\t<\/div>\n\t\t<\/section>\n\t\t\t\t<\/div>\n\t\t","protected":false},"excerpt":{"rendered":"<p>Bad Lauterberg.\u00a0Nach dem Ende Mai 2018 der Stadtrat Bad Lauterberg den Beschluss fasste in Sondierungsgespr\u00e4che f\u00fcr eine Fusion mit der<\/p>\n","protected":false},"author":1,"featured_media":1751,"comment_status":"closed","ping_status":"open","sticky":false,"template":"","format":"standard","meta":{"colormag_page_container_layout":"default_layout","colormag_page_sidebar_layout":"default_layout","footnotes":""},"categories":[92,151],"tags":[],"class_list":["post-1752","post","type-post","status-publish","format-standard","has-post-thumbnail","hentry","category-92","category-allgemeines"],"magazineBlocksPostFeaturedMedia":{"thumbnail":"https:\/\/i0.wp.com\/www.wgir.de\/wp-content\/uploads\/2020\/04\/rathaus_03.jpg?resize=150%2C150&ssl=1","medium":"https:\/\/i0.wp.com\/www.wgir.de\/wp-content\/uploads\/2020\/04\/rathaus_03.jpg?fit=300%2C167&ssl=1","medium_large":"https:\/\/i0.wp.com\/www.wgir.de\/wp-content\/uploads\/2020\/04\/rathaus_03.jpg?fit=768%2C428&ssl=1","large":"https:\/\/i0.wp.com\/www.wgir.de\/wp-content\/uploads\/2020\/04\/rathaus_03.jpg?fit=800%2C446&ssl=1","1536x1536":"https:\/\/i0.wp.com\/www.wgir.de\/wp-content\/uploads\/2020\/04\/rathaus_03.jpg?fit=850%2C474&ssl=1","2048x2048":"https:\/\/i0.wp.com\/www.wgir.de\/wp-content\/uploads\/2020\/04\/rathaus_03.jpg?fit=850%2C474&ssl=1","colormag-highlighted-post":"https:\/\/i0.wp.com\/www.wgir.de\/wp-content\/uploads\/2020\/04\/rathaus_03.jpg?resize=392%2C272&ssl=1","colormag-featured-post-medium":"https:\/\/i0.wp.com\/www.wgir.de\/wp-content\/uploads\/2020\/04\/rathaus_03.jpg?resize=390%2C205&ssl=1","colormag-featured-post-small":"https:\/\/i0.wp.com\/www.wgir.de\/wp-content\/uploads\/2020\/04\/rathaus_03.jpg?resize=130%2C90&ssl=1","colormag-featured-image":"https:\/\/i0.wp.com\/www.wgir.de\/wp-content\/uploads\/2020\/04\/rathaus_03.jpg?resize=800%2C445&ssl=1","colormag-default-news":"https:\/\/i0.wp.com\/www.wgir.de\/wp-content\/uploads\/2020\/04\/rathaus_03.jpg?resize=150%2C150&ssl=1","colormag-featured-image-large":"https:\/\/i0.wp.com\/www.wgir.de\/wp-content\/uploads\/2020\/04\/rathaus_03.jpg?resize=850%2C474&ssl=1","colormag-elementor-block-extra-large-thumbnail":"https:\/\/i0.wp.com\/www.wgir.de\/wp-content\/uploads\/2020\/04\/rathaus_03.jpg?resize=850%2C474&ssl=1","colormag-elementor-grid-large-thumbnail":"https:\/\/i0.wp.com\/www.wgir.de\/wp-content\/uploads\/2020\/04\/rathaus_03.jpg?resize=600%2C417&ssl=1","colormag-elementor-grid-small-thumbnail":"https:\/\/i0.wp.com\/www.wgir.de\/wp-content\/uploads\/2020\/04\/rathaus_03.jpg?resize=285%2C450&ssl=1","colormag-elementor-grid-medium-large-thumbnail":"https:\/\/i0.wp.com\/www.wgir.de\/wp-content\/uploads\/2020\/04\/rathaus_03.jpg?resize=575%2C198&ssl=1"},"magazineBlocksPostAuthor":{"name":"Homepage webmaster","avatar":"https:\/\/secure.gravatar.com\/avatar\/6f96ca7c0487a8f61b8f75f39df16ab2d64a4669b827b479e37fe76a80a4c6d8?s=96&d=mm&r=g"},"magazineBlocksPostCommentsNumber":false,"magazineBlocksPostExcerpt":"Bad Lauterberg.\u00a0Nach dem Ende Mai 2018 der Stadtrat Bad Lauterberg den Beschluss fasste in Sondierungsgespr\u00e4che f\u00fcr eine Fusion mit der","magazineBlocksPostCategories":["2020","Allgemeines"],"magazineBlocksPostViewCount":23,"magazineBlocksPostReadTime":3,"magazine_blocks_featured_image_url":{"full":["https:\/\/i0.wp.com\/www.wgir.de\/wp-content\/uploads\/2020\/04\/rathaus_03.jpg?fit=850%2C474&ssl=1",850,474,false],"medium":["https:\/\/i0.wp.com\/www.wgir.de\/wp-content\/uploads\/2020\/04\/rathaus_03.jpg?fit=300%2C167&ssl=1",300,167,true],"thumbnail":["https:\/\/i0.wp.com\/www.wgir.de\/wp-content\/uploads\/2020\/04\/rathaus_03.jpg?resize=150%2C150&ssl=1",150,150,true]},"magazine_blocks_author":{"display_name":"Homepage webmaster","author_link":"https:\/\/www.wgir.de\/?author=1"},"magazine_blocks_comment":0,"magazine_blocks_author_image":"https:\/\/secure.gravatar.com\/avatar\/6f96ca7c0487a8f61b8f75f39df16ab2d64a4669b827b479e37fe76a80a4c6d8?s=96&d=mm&r=g","magazine_blocks_category":"<a href=\"#\" class=\"category-link category-link-92\">2020<\/a> <a href=\"#\" class=\"category-link category-link-151\">Allgemeines<\/a>","videoUrl":"","_links":{"self":[{"href":"https:\/\/www.wgir.de\/index.php?rest_route=\/wp\/v2\/posts\/1752","targetHints":{"allow":["GET"]}}],"collection":[{"href":"https:\/\/www.wgir.de\/index.php?rest_route=\/wp\/v2\/posts"}],"about":[{"href":"https:\/\/www.wgir.de\/index.php?rest_route=\/wp\/v2\/types\/post"}],"author":[{"embeddable":true,"href":"https:\/\/www.wgir.de\/index.php?rest_route=\/wp\/v2\/users\/1"}],"replies":[{"embeddable":true,"href":"https:\/\/www.wgir.de\/index.php?rest_route=%2Fwp%2Fv2%2Fcomments&post=1752"}],"version-history":[{"count":0,"href":"https:\/\/www.wgir.de\/index.php?rest_route=\/wp\/v2\/posts\/1752\/revisions"}],"wp:featuredmedia":[{"embeddable":true,"href":"https:\/\/www.wgir.de\/index.php?rest_route=\/wp\/v2\/media\/1751"}],"wp:attachment":[{"href":"https:\/\/www.wgir.de\/index.php?rest_route=%2Fwp%2Fv2%2Fmedia&parent=1752"}],"wp:term":[{"taxonomy":"category","embeddable":true,"href":"https:\/\/www.wgir.de\/index.php?rest_route=%2Fwp%2Fv2%2Fcategories&post=1752"},{"taxonomy":"post_tag","embeddable":true,"href":"https:\/\/www.wgir.de\/index.php?rest_route=%2Fwp%2Fv2%2Ftags&post=1752"}],"curies":[{"name":"wp","href":"https:\/\/api.w.org\/{rel}","templated":true}]}}