{"id":1603,"date":"2021-04-02T14:50:00","date_gmt":"2021-04-02T14:50:00","guid":{"rendered":"https:\/\/mein.wgir.de\/?p=1603"},"modified":"2022-02-21T12:21:06","modified_gmt":"2022-02-21T12:21:06","slug":"was-nicht-in-der-tagespresse-stand-erneut-amtszeitverlaengerung-des-buergermeisters-in-bad-lauterberg-beschlossen","status":"publish","type":"post","link":"https:\/\/www.wgir.de\/?p=1603","title":{"rendered":"Was nicht in der Tagespresse stand &#8211; erneut Amtszeitverl\u00e4ngerung des B\u00fcrgermeisters in Bad Lauterberg beschlossen!"},"content":{"rendered":"\t\t<div data-elementor-type=\"wp-post\" data-elementor-id=\"1603\" class=\"elementor elementor-1603\">\n\t\t\t\t\t\t<section class=\"elementor-section elementor-top-section elementor-element elementor-element-41fb515 elementor-section-boxed elementor-section-height-default elementor-section-height-default wpr-particle-no wpr-jarallax-no wpr-parallax-no wpr-sticky-section-no wpr-column-slider-no wpr-equal-height-no\" data-id=\"41fb515\" data-element_type=\"section\" data-e-type=\"section\">\n\t\t\t\t\t\t<div class=\"elementor-container elementor-column-gap-default\">\n\t\t\t\t\t<div class=\"elementor-column elementor-col-100 elementor-top-column elementor-element elementor-element-9fea350\" data-id=\"9fea350\" data-element_type=\"column\" data-e-type=\"column\">\n\t\t\t<div class=\"elementor-widget-wrap elementor-element-populated\">\n\t\t\t\t\t\t<div class=\"elementor-element elementor-element-b49ef6d elementor-widget elementor-widget-text-editor\" data-id=\"b49ef6d\" data-element_type=\"widget\" data-e-type=\"widget\" data-widget_type=\"text-editor.default\">\n\t\t\t\t<div class=\"elementor-widget-container\">\n\t\t\t\t\t\t\t\t\t<p><strong><span style=\"font-family: arial, helvetica, sans-serif; font-size: 14pt;\">Was nicht in der Tagespresse stand &#8230;<br \/><br \/><\/span><\/strong><\/p><p><span style=\"font-family: arial, helvetica, sans-serif;\">Bad Lauterberg. Wie eine Formsache wurde in der Ratssitzung am 25.03.2021 der Beschluss \u00fcber den Wahltermin zur B\u00fcrgermeisterwahl mal eben schnell abgehandelt. Doch was bedeutet das jetzt im Gesamtzusammenhang?<br \/><br \/><\/span><\/p><ul><li><span style=\"font-family: arial, helvetica, sans-serif;\"><b>1.<\/b>\u00a0Die Amtszeit des B\u00fcrgermeisters wird\u00a0<b>erneut verl\u00e4ngert<\/b>. Er bleibt bis zum Amtsantritt einer neuen B\u00fcrgermeisterin bzw. eines neuen B\u00fcrgermeisters weiter im Amt.<\/span><\/li><li><span style=\"font-family: arial, helvetica, sans-serif;\"><b>2.<\/b>\u00a0Da die B\u00fcrgermeisterwahl nunmehr am 12.09.21 als regul\u00e4re Direktwahl stattfindet, kann die\/der etwaige Nachfolger\/in das Amt aber erst mit dem\u00a0<b>neu gew\u00e4hlten Rat\u00a0<\/b>antreten. Das bedeutet widerum, dass dies\u00a0<b>nicht zeitnah\u00a0<\/b>nach der Wahl, sondern erst am\u00a0<b>01.11.2021<\/b>\u00a0erfolgen darf.<\/span><\/li><li><span style=\"font-family: arial, helvetica, sans-serif;\"><b>3.\u00a0<\/b>Die B\u00fcrger*innen konnten weder bei der\u00a0<b>ersten Amtszeitverl\u00e4ngerung 2019<\/b>, noch bei dieser weiteren Wahlaufschiebung mitentscheiden.<\/span><\/li><li><span style=\"font-family: arial, helvetica, sans-serif;\"><b>4.<\/b>\u00a0Somit bleibt der B\u00fcrgermeister noch weitere\u00a0<b>\u201esieben Monat\u201c\u00a0<\/b>im Amt.<\/span><\/li><\/ul><p><span style=\"font-family: arial, helvetica, sans-serif;\">Dass die Amtszeit des B\u00fcrgermeisters l\u00e4ngst zu Ende war, wissen viele Einwohner nicht. Nur die Ausnahmeregelung\u00a0<b>&#8222;Fusionsgespr\u00e4che zu f\u00fchren&#8220;<\/b>\u00a0erm\u00f6glichte den Beschluss f\u00fcr die erste Amtszeitverl\u00e4ngerung. Diese erste Amtszeitverl\u00e4ngerung wurde mit nur\u00a0<b>13 von 21<\/b>\u00a0Stimmen im Rat gefasst, die B\u00fcrger*innen durften oder sollten nicht mitentscheiden. Eine von der\u00a0<b>WgiR\u00a0<\/b>auch deshalb\u00a0<b>geforderte Einwohnerbefragung<\/b>\u00a0dar\u00fcber, ob \u00fcberhaupt \u00fcber eine Fusion verhandelt werden soll, wurde von der Ratsmehrheit (vorsorglich) abgelehnt. Der Rat hatte aber Fusionsverhandlungen f\u00fcr eine sogenannte\u00a0<b>&#8222;Dreierfusion&#8220;<\/b>\u00a0beschlossen. Nachdem Bad Sachsa ausgestiegen war, h\u00e4tte es nach Meinung der WgiR entweder einen\u00a0<b>neuen Beschluss<\/b>\u00a0f\u00fcr eine\u00a0<b>&#8222;Zweierfusion&#8220;<\/b>\u00a0geben, oder eine\u00a0<b>B\u00fcrgermeisterwahl<\/b>\u00a0stattfinden m\u00fcssen. Doch auch das wollte die Ratsmehrheit nicht und erm\u00f6glichte so, dass quasi eine weitere Verl\u00e4ngerung der Amtszeit gesichert war.<br \/><br \/><\/span><\/p><p><span style=\"font-family: arial, helvetica, sans-serif;\">Als am 12.02.2021 auch Walkenried die Verhandlungen beendete, fand\u00a0<b>\u00fcberraschend keine Ratssitzung<\/b>\u00a0in Bad Lauterberg statt. Corona kann nicht der Grund daf\u00fcr gewesen sein! Die Inzidenzzahlen lagen im Vergleich zur M\u00e4rz-Sitzung deutlich niedriger und die\u00a0<b>WgiR\u00a0<\/b>hatte dies auch nicht gefordert. Also warum keine Sitzung?<\/span><br \/><span style=\"font-family: arial, helvetica, sans-serif;\"><b><i>Die Antwort ist einfach \u2013 weil man sonst ohne Probleme vor den Sommerferien eine B\u00fcrgermeisterwahl h\u00e4tte durchf\u00fchren k\u00f6nnen. Die Kosten w\u00e4ren neutral geblieben, da die regul\u00e4re B\u00fcrgermeisterwahl im Jahr 2019 nicht stattgefunden hatte.<br \/><br \/><\/i><\/b><\/span><\/p><p><span style=\"font-family: arial, helvetica, sans-serif;\">Die\u00a0<b>WgiR<\/b>\u00a0ist davon \u00fcberzeugt, dass eine\u00a0<b>Amtszeitverl\u00e4ngerung von Anfang an ein erkl\u00e4rtes Ziel\u00a0<\/b>gewesen war. Schon im Beschluss am 25.04.2019 wurde (vorsorglich) bis zum 31.10.2021 auf eine B\u00fcrgermeisterwahl verzichtet. Also genau so lange, wie es jetzt mit den Wahlaufschiebungen erreicht wurde.<br \/><br \/><\/span><\/p><p><span style=\"font-family: arial, helvetica, sans-serif;\">Somit muss das<b>\u00a0traurige Fazit\u00a0<\/b>gezogen werden, dass die\u00a0<b>Ratsmehrheit aus SPD und CDU<\/b>\u00a0keine zwei Minuten ben\u00f6tigte, um die B\u00fcrger*innen von der Wahlurne fernzuhalten.\u00a0<b><i>Welche Gedanken da bei ihnen eine Rolle gespielt haben, wurde nicht gesagt.<\/i><\/b><\/span><\/p>\t\t\t\t\t\t\t\t<\/div>\n\t\t\t\t<\/div>\n\t\t\t\t\t<\/div>\n\t\t<\/div>\n\t\t\t\t\t<\/div>\n\t\t<\/section>\n\t\t\t\t<\/div>\n\t\t","protected":false},"excerpt":{"rendered":"<p>Was nicht in der Tagespresse stand &#8230; Bad Lauterberg. Wie eine Formsache wurde in der Ratssitzung am 25.03.2021 der Beschluss<\/p>\n","protected":false},"author":1,"featured_media":2439,"comment_status":"closed","ping_status":"open","sticky":false,"template":"","format":"standard","meta":{"colormag_page_container_layout":"default_layout","colormag_page_sidebar_layout":"default_layout","footnotes":""},"categories":[52,151,30],"tags":[],"class_list":["post-1603","post","type-post","status-publish","format-standard","has-post-thumbnail","hentry","category-52","category-allgemeines","category-news"],"magazineBlocksPostFeaturedMedia":{"thumbnail":"https:\/\/i0.wp.com\/www.wgir.de\/wp-content\/uploads\/2021\/12\/rathaus.jpg?resize=150%2C150&ssl=1","medium":"https:\/\/i0.wp.com\/www.wgir.de\/wp-content\/uploads\/2021\/12\/rathaus.jpg?fit=300%2C172&ssl=1","medium_large":"https:\/\/i0.wp.com\/www.wgir.de\/wp-content\/uploads\/2021\/12\/rathaus.jpg?fit=768%2C440&ssl=1","large":"https:\/\/i0.wp.com\/www.wgir.de\/wp-content\/uploads\/2021\/12\/rathaus.jpg?fit=800%2C458&ssl=1","1536x1536":"https:\/\/i0.wp.com\/www.wgir.de\/wp-content\/uploads\/2021\/12\/rathaus.jpg?fit=843%2C483&ssl=1","2048x2048":"https:\/\/i0.wp.com\/www.wgir.de\/wp-content\/uploads\/2021\/12\/rathaus.jpg?fit=843%2C483&ssl=1","colormag-highlighted-post":"https:\/\/i0.wp.com\/www.wgir.de\/wp-content\/uploads\/2021\/12\/rathaus.jpg?resize=392%2C272&ssl=1","colormag-featured-post-medium":"https:\/\/i0.wp.com\/www.wgir.de\/wp-content\/uploads\/2021\/12\/rathaus.jpg?resize=390%2C205&ssl=1","colormag-featured-post-small":"https:\/\/i0.wp.com\/www.wgir.de\/wp-content\/uploads\/2021\/12\/rathaus.jpg?resize=130%2C90&ssl=1","colormag-featured-image":"https:\/\/i0.wp.com\/www.wgir.de\/wp-content\/uploads\/2021\/12\/rathaus.jpg?resize=800%2C445&ssl=1","colormag-default-news":"https:\/\/i0.wp.com\/www.wgir.de\/wp-content\/uploads\/2021\/12\/rathaus.jpg?resize=150%2C150&ssl=1","colormag-featured-image-large":"https:\/\/i0.wp.com\/www.wgir.de\/wp-content\/uploads\/2021\/12\/rathaus.jpg?resize=843%2C483&ssl=1","colormag-elementor-block-extra-large-thumbnail":"https:\/\/i0.wp.com\/www.wgir.de\/wp-content\/uploads\/2021\/12\/rathaus.jpg?resize=843%2C480&ssl=1","colormag-elementor-grid-large-thumbnail":"https:\/\/i0.wp.com\/www.wgir.de\/wp-content\/uploads\/2021\/12\/rathaus.jpg?resize=600%2C417&ssl=1","colormag-elementor-grid-small-thumbnail":"https:\/\/i0.wp.com\/www.wgir.de\/wp-content\/uploads\/2021\/12\/rathaus.jpg?resize=285%2C450&ssl=1","colormag-elementor-grid-medium-large-thumbnail":"https:\/\/i0.wp.com\/www.wgir.de\/wp-content\/uploads\/2021\/12\/rathaus.jpg?resize=575%2C198&ssl=1"},"magazineBlocksPostAuthor":{"name":"Homepage webmaster","avatar":"https:\/\/secure.gravatar.com\/avatar\/6f96ca7c0487a8f61b8f75f39df16ab2d64a4669b827b479e37fe76a80a4c6d8?s=96&d=mm&r=g"},"magazineBlocksPostCommentsNumber":false,"magazineBlocksPostExcerpt":"Was nicht in der Tagespresse stand &#8230; Bad Lauterberg. Wie eine Formsache wurde in der Ratssitzung am 25.03.2021 der Beschluss","magazineBlocksPostCategories":["2021","Allgemeines","Neu"],"magazineBlocksPostViewCount":34,"magazineBlocksPostReadTime":3,"magazine_blocks_featured_image_url":{"full":["https:\/\/i0.wp.com\/www.wgir.de\/wp-content\/uploads\/2021\/12\/rathaus.jpg?fit=843%2C483&ssl=1",843,483,false],"medium":["https:\/\/i0.wp.com\/www.wgir.de\/wp-content\/uploads\/2021\/12\/rathaus.jpg?fit=300%2C172&ssl=1",300,172,true],"thumbnail":["https:\/\/i0.wp.com\/www.wgir.de\/wp-content\/uploads\/2021\/12\/rathaus.jpg?resize=150%2C150&ssl=1",150,150,true]},"magazine_blocks_author":{"display_name":"Homepage webmaster","author_link":"https:\/\/www.wgir.de\/?author=1"},"magazine_blocks_comment":0,"magazine_blocks_author_image":"https:\/\/secure.gravatar.com\/avatar\/6f96ca7c0487a8f61b8f75f39df16ab2d64a4669b827b479e37fe76a80a4c6d8?s=96&d=mm&r=g","magazine_blocks_category":"<a href=\"#\" class=\"category-link category-link-52\">2021<\/a> <a href=\"#\" class=\"category-link category-link-151\">Allgemeines<\/a> <a href=\"#\" class=\"category-link category-link-30\">Neu<\/a>","videoUrl":"","_links":{"self":[{"href":"https:\/\/www.wgir.de\/index.php?rest_route=\/wp\/v2\/posts\/1603","targetHints":{"allow":["GET"]}}],"collection":[{"href":"https:\/\/www.wgir.de\/index.php?rest_route=\/wp\/v2\/posts"}],"about":[{"href":"https:\/\/www.wgir.de\/index.php?rest_route=\/wp\/v2\/types\/post"}],"author":[{"embeddable":true,"href":"https:\/\/www.wgir.de\/index.php?rest_route=\/wp\/v2\/users\/1"}],"replies":[{"embeddable":true,"href":"https:\/\/www.wgir.de\/index.php?rest_route=%2Fwp%2Fv2%2Fcomments&post=1603"}],"version-history":[{"count":0,"href":"https:\/\/www.wgir.de\/index.php?rest_route=\/wp\/v2\/posts\/1603\/revisions"}],"wp:featuredmedia":[{"embeddable":true,"href":"https:\/\/www.wgir.de\/index.php?rest_route=\/wp\/v2\/media\/2439"}],"wp:attachment":[{"href":"https:\/\/www.wgir.de\/index.php?rest_route=%2Fwp%2Fv2%2Fmedia&parent=1603"}],"wp:term":[{"taxonomy":"category","embeddable":true,"href":"https:\/\/www.wgir.de\/index.php?rest_route=%2Fwp%2Fv2%2Fcategories&post=1603"},{"taxonomy":"post_tag","embeddable":true,"href":"https:\/\/www.wgir.de\/index.php?rest_route=%2Fwp%2Fv2%2Ftags&post=1603"}],"curies":[{"name":"wp","href":"https:\/\/api.w.org\/{rel}","templated":true}]}}