{"id":1578,"date":"2021-02-17T13:32:00","date_gmt":"2021-02-17T13:32:00","guid":{"rendered":"https:\/\/mein.wgir.de\/?p=1578"},"modified":"2022-01-18T08:27:14","modified_gmt":"2022-01-18T08:27:14","slug":"offene-fragen-und-antworten-zur-fusionsabsage-bis-zur-kommunalwahl-nicht-vergessen","status":"publish","type":"post","link":"https:\/\/www.wgir.de\/?p=1578","title":{"rendered":"Offene Fragen und Antworten zur Fusionsabsage bis zur Kommunalwahl nicht vergessen!"},"content":{"rendered":"\t\t<div data-elementor-type=\"wp-post\" data-elementor-id=\"1578\" class=\"elementor elementor-1578\">\n\t\t\t\t\t\t<section class=\"elementor-section elementor-top-section elementor-element elementor-element-5e2b56b elementor-section-boxed elementor-section-height-default elementor-section-height-default wpr-particle-no wpr-jarallax-no wpr-parallax-no wpr-sticky-section-no wpr-column-slider-no wpr-equal-height-no\" data-id=\"5e2b56b\" data-element_type=\"section\" data-e-type=\"section\">\n\t\t\t\t\t\t<div class=\"elementor-container elementor-column-gap-default\">\n\t\t\t\t\t<div class=\"elementor-column elementor-col-100 elementor-top-column elementor-element elementor-element-8b3a990\" data-id=\"8b3a990\" data-element_type=\"column\" data-e-type=\"column\">\n\t\t\t<div class=\"elementor-widget-wrap elementor-element-populated\">\n\t\t\t\t\t\t<div class=\"elementor-element elementor-element-bbd59cd elementor-widget elementor-widget-text-editor\" data-id=\"bbd59cd\" data-element_type=\"widget\" data-e-type=\"widget\" data-widget_type=\"text-editor.default\">\n\t\t\t\t<div class=\"elementor-widget-container\">\n\t\t\t\t\t\t\t\t\t<p>Bad Lauterberg. Die W\u00fcrfel sind gefallen: B\u00fcrger und B\u00fcrgerinnen der Gemeinde Walkenried haben ein klares Votum abgegeben. Mit mehr als 78 Prozent der abgegebenen Stimmen wurde dem viel zu ungeschickt und zu schnell eingef\u00e4delten Gemeindezusammenschluss eine Absage verpasst. Zwar wurde (angeblich) verhandelt, doch bei den Einwohner*innen kamen keine Ergebnisse an und die sp\u00e4rlichen Informationen waren unglaubw\u00fcrdig, klangen gesch\u00f6nt und waren nicht \u00fcberzeugend. Dies schlie\u00dft die teure Brosch\u00fcre und showm\u00e4\u00dfige Online-Veranstaltung mit ein.<\/p><p>Ein B\u00fcrgerentscheid in Bad Lauterberg kann es nunmehr nicht geben, da eine Fusion mit Walkenried aufgrund der dortigen Entscheidung nicht mehr m\u00f6glich ist.<\/p><p>Anzunehmen ist aber, dass die B\u00fcrger*innen aus Bad Sachsa und aus Walkenried dem Verhandlungsf\u00fchrer und einzigen amtierenden B\u00fcrgermeister Dr. Gans nicht vertraut haben und ihm eine geh\u00f6rige Absage &#8211; manche sprechen auch von einer schallenden Ohrfeige &#8211; verpasst haben.<\/p><p>Am B\u00fcrger vorbei und viel zu oft hinter verschlossenen T\u00fcren, sollte man keine Fusion verhandeln. Schlie\u00dflich geht es bei einer Fusion um viel mehr, als &#8222;nur&#8220; um die <b>Verwaltung<\/b>\u00a0und nicht &#8222;nur&#8220; ums\u00a0<b>Geld<\/b>. Es bleibt zu hoffen, dass die Akteure die Botschaften verstanden haben.<\/p><p><span style=\"color: var( --e-global-color-text ); font-family: var( --e-global-typography-text-font-family ), Sans-serif; font-weight: var( --e-global-typography-text-font-weight );\">Doch es bleiben auch noch Fragen unbeantwortet. Was w\u00e4re denn passiert, wenn nicht in\u00a0<\/span><span style=\"color: var( --e-global-color-text ); font-family: var( --e-global-typography-text-font-family ), Sans-serif; font-weight: var( --e-global-typography-text-font-weight );\">der\u00a0 jedem\u00a0 <strong>d<\/strong><\/span><b style=\"color: var( --e-global-color-text ); font-family: var( --e-global-typography-text-font-family ), Sans-serif;\">rei<\/b><span style=\"color: var( --e-global-color-text ); font-family: var( --e-global-typography-text-font-family ), Sans-serif; font-weight: var( --e-global-typography-text-font-weight );\">\u00a0 angeblich<\/span><b style=\"color: var( --e-global-color-text ); font-family: var( --e-global-typography-text-font-family ), Sans-serif;\"> <\/b><b style=\"color: var( --e-global-color-text ); font-family: var( --e-global-typography-text-font-family ), Sans-serif;\">fusionswilligen<\/b><span style=\"color: var( --e-global-color-text ); font-family: var( --e-global-typography-text-font-family ), Sans-serif; font-weight: var( --e-global-typography-text-font-weight );\">\u00a0 Gemeinden <\/span><b style=\"color: var( --e-global-color-text ); font-family: var( --e-global-typography-text-font-family ), Sans-serif;\">engagierte B\u00fcrger*innen<\/b><span style=\"color: var( --e-global-color-text ); font-family: var( --e-global-typography-text-font-family ), Sans-serif; font-weight: var( --e-global-typography-text-font-weight );\">\u00a0sich f\u00fcr die Mitbestimmung in ihrer Gemeinde eingesetzt h\u00e4tten? Wollten da einige wirklich an den Einwohner*innen vorbei eine Fusion durchziehen? Wollte da\u00a0<\/span><b style=\"color: var( --e-global-color-text ); font-family: var( --e-global-typography-text-font-family ), Sans-serif;\">ein B\u00fcrgermeister,<\/b><span style=\"color: var( --e-global-color-text ); font-family: var( --e-global-typography-text-font-family ), Sans-serif; font-weight: var( --e-global-typography-text-font-weight );\">\u00a0also jemand der gew\u00e4hlt wurde, damit er \u00fcberparteilich und in erster Linie f\u00fcr seine Einwohner*innen agiert,\u00a0<\/span><b style=\"color: var( --e-global-color-text ); font-family: var( --e-global-typography-text-font-family ), Sans-serif;\">ohne klares Votum\u00a0<\/b><span style=\"color: var( --e-global-color-text ); font-family: var( --e-global-typography-text-font-family ), Sans-serif; font-weight: var( --e-global-typography-text-font-weight );\">einer Mehrheit aus seiner Gemeinde sein eigenes Ding durchzuziehen?<\/span><\/p><p>Die Antwort darauf haben wir\u00a0<b>erlebt\u00a0<\/b>und d\u00fcrfen sie bis zur Kommunalwahl am 12. Sept. 2021 nicht vergessen. Den engagierten B\u00fcrger*innen, die immer wieder als\u00a0<b>&#8222;Schwarzmaler&#8220;<\/b>\u00a0und\u00a0<b>&#8222;Meckerer&#8220;\u00a0<\/b>diffamiert wurden und die einzig nur f\u00fcr einen B\u00fcrgerentscheid gerungen haben, verdienen unser aller\u00a0<b>Respekt\u00a0<\/b>und unsere\u00a0<b>Anerkennung.<\/b><\/p>\t\t\t\t\t\t\t\t<\/div>\n\t\t\t\t<\/div>\n\t\t\t\t\t<\/div>\n\t\t<\/div>\n\t\t\t\t\t<\/div>\n\t\t<\/section>\n\t\t\t\t<\/div>\n\t\t","protected":false},"excerpt":{"rendered":"<p>Bad Lauterberg. Die W\u00fcrfel sind gefallen: B\u00fcrger und B\u00fcrgerinnen der Gemeinde Walkenried haben ein klares Votum abgegeben. Mit mehr als<\/p>\n","protected":false},"author":1,"featured_media":1583,"comment_status":"closed","ping_status":"open","sticky":false,"template":"","format":"standard","meta":{"colormag_page_container_layout":"default_layout","colormag_page_sidebar_layout":"default_layout","footnotes":""},"categories":[52,151],"tags":[],"class_list":["post-1578","post","type-post","status-publish","format-standard","has-post-thumbnail","hentry","category-52","category-allgemeines"],"magazineBlocksPostFeaturedMedia":{"thumbnail":"https:\/\/i0.wp.com\/www.wgir.de\/wp-content\/uploads\/2021\/02\/walkenried_fusion_01.jpg?resize=150%2C150&ssl=1","medium":"https:\/\/i0.wp.com\/www.wgir.de\/wp-content\/uploads\/2021\/02\/walkenried_fusion_01.jpg?fit=300%2C136&ssl=1","medium_large":"https:\/\/i0.wp.com\/www.wgir.de\/wp-content\/uploads\/2021\/02\/walkenried_fusion_01.jpg?fit=768%2C349&ssl=1","large":"https:\/\/i0.wp.com\/www.wgir.de\/wp-content\/uploads\/2021\/02\/walkenried_fusion_01.jpg?fit=800%2C364&ssl=1","1536x1536":"https:\/\/i0.wp.com\/www.wgir.de\/wp-content\/uploads\/2021\/02\/walkenried_fusion_01.jpg?fit=856%2C389&ssl=1","2048x2048":"https:\/\/i0.wp.com\/www.wgir.de\/wp-content\/uploads\/2021\/02\/walkenried_fusion_01.jpg?fit=856%2C389&ssl=1","colormag-highlighted-post":"https:\/\/i0.wp.com\/www.wgir.de\/wp-content\/uploads\/2021\/02\/walkenried_fusion_01.jpg?resize=392%2C272&ssl=1","colormag-featured-post-medium":"https:\/\/i0.wp.com\/www.wgir.de\/wp-content\/uploads\/2021\/02\/walkenried_fusion_01.jpg?resize=390%2C205&ssl=1","colormag-featured-post-small":"https:\/\/i0.wp.com\/www.wgir.de\/wp-content\/uploads\/2021\/02\/walkenried_fusion_01.jpg?resize=130%2C90&ssl=1","colormag-featured-image":"https:\/\/i0.wp.com\/www.wgir.de\/wp-content\/uploads\/2021\/02\/walkenried_fusion_01.jpg?resize=800%2C389&ssl=1","colormag-default-news":"https:\/\/i0.wp.com\/www.wgir.de\/wp-content\/uploads\/2021\/02\/walkenried_fusion_01.jpg?resize=150%2C150&ssl=1","colormag-featured-image-large":"https:\/\/i0.wp.com\/www.wgir.de\/wp-content\/uploads\/2021\/02\/walkenried_fusion_01.jpg?resize=856%2C389&ssl=1","colormag-elementor-block-extra-large-thumbnail":"https:\/\/i0.wp.com\/www.wgir.de\/wp-content\/uploads\/2021\/02\/walkenried_fusion_01.jpg?resize=856%2C389&ssl=1","colormag-elementor-grid-large-thumbnail":"https:\/\/i0.wp.com\/www.wgir.de\/wp-content\/uploads\/2021\/02\/walkenried_fusion_01.jpg?resize=600%2C389&ssl=1","colormag-elementor-grid-small-thumbnail":"https:\/\/i0.wp.com\/www.wgir.de\/wp-content\/uploads\/2021\/02\/walkenried_fusion_01.jpg?resize=285%2C389&ssl=1","colormag-elementor-grid-medium-large-thumbnail":"https:\/\/i0.wp.com\/www.wgir.de\/wp-content\/uploads\/2021\/02\/walkenried_fusion_01.jpg?resize=575%2C198&ssl=1"},"magazineBlocksPostAuthor":{"name":"Homepage webmaster","avatar":"https:\/\/secure.gravatar.com\/avatar\/6f96ca7c0487a8f61b8f75f39df16ab2d64a4669b827b479e37fe76a80a4c6d8?s=96&d=mm&r=g"},"magazineBlocksPostCommentsNumber":false,"magazineBlocksPostExcerpt":"Bad Lauterberg. Die W\u00fcrfel sind gefallen: B\u00fcrger und B\u00fcrgerinnen der Gemeinde Walkenried haben ein klares Votum abgegeben. Mit mehr als","magazineBlocksPostCategories":["2021","Allgemeines"],"magazineBlocksPostViewCount":25,"magazineBlocksPostReadTime":2,"magazine_blocks_featured_image_url":{"full":["https:\/\/i0.wp.com\/www.wgir.de\/wp-content\/uploads\/2021\/02\/walkenried_fusion_01.jpg?fit=856%2C389&ssl=1",856,389,false],"medium":["https:\/\/i0.wp.com\/www.wgir.de\/wp-content\/uploads\/2021\/02\/walkenried_fusion_01.jpg?fit=300%2C136&ssl=1",300,136,true],"thumbnail":["https:\/\/i0.wp.com\/www.wgir.de\/wp-content\/uploads\/2021\/02\/walkenried_fusion_01.jpg?resize=150%2C150&ssl=1",150,150,true]},"magazine_blocks_author":{"display_name":"Homepage webmaster","author_link":"https:\/\/www.wgir.de\/?author=1"},"magazine_blocks_comment":0,"magazine_blocks_author_image":"https:\/\/secure.gravatar.com\/avatar\/6f96ca7c0487a8f61b8f75f39df16ab2d64a4669b827b479e37fe76a80a4c6d8?s=96&d=mm&r=g","magazine_blocks_category":"<a href=\"#\" class=\"category-link category-link-52\">2021<\/a> <a href=\"#\" class=\"category-link category-link-151\">Allgemeines<\/a>","videoUrl":"","_links":{"self":[{"href":"https:\/\/www.wgir.de\/index.php?rest_route=\/wp\/v2\/posts\/1578","targetHints":{"allow":["GET"]}}],"collection":[{"href":"https:\/\/www.wgir.de\/index.php?rest_route=\/wp\/v2\/posts"}],"about":[{"href":"https:\/\/www.wgir.de\/index.php?rest_route=\/wp\/v2\/types\/post"}],"author":[{"embeddable":true,"href":"https:\/\/www.wgir.de\/index.php?rest_route=\/wp\/v2\/users\/1"}],"replies":[{"embeddable":true,"href":"https:\/\/www.wgir.de\/index.php?rest_route=%2Fwp%2Fv2%2Fcomments&post=1578"}],"version-history":[{"count":0,"href":"https:\/\/www.wgir.de\/index.php?rest_route=\/wp\/v2\/posts\/1578\/revisions"}],"wp:featuredmedia":[{"embeddable":true,"href":"https:\/\/www.wgir.de\/index.php?rest_route=\/wp\/v2\/media\/1583"}],"wp:attachment":[{"href":"https:\/\/www.wgir.de\/index.php?rest_route=%2Fwp%2Fv2%2Fmedia&parent=1578"}],"wp:term":[{"taxonomy":"category","embeddable":true,"href":"https:\/\/www.wgir.de\/index.php?rest_route=%2Fwp%2Fv2%2Fcategories&post=1578"},{"taxonomy":"post_tag","embeddable":true,"href":"https:\/\/www.wgir.de\/index.php?rest_route=%2Fwp%2Fv2%2Ftags&post=1578"}],"curies":[{"name":"wp","href":"https:\/\/api.w.org\/{rel}","templated":true}]}}