{"id":1174,"date":"2021-08-13T12:21:00","date_gmt":"2021-08-13T12:21:00","guid":{"rendered":"https:\/\/mein.wgir.de\/?p=1174"},"modified":"2022-01-18T08:23:46","modified_gmt":"2022-01-18T08:23:46","slug":"wahlkampfstart-mit-hohem-interesse-der-einwohner-von-bartolfelde","status":"publish","type":"post","link":"https:\/\/www.wgir.de\/?p=1174","title":{"rendered":"Wahlkampfstart mit hohem Interesse der Einwohner von Bartolfelde"},"content":{"rendered":"\t\t<div data-elementor-type=\"wp-post\" data-elementor-id=\"1174\" class=\"elementor elementor-1174\">\n\t\t\t\t\t\t<section class=\"elementor-section elementor-top-section elementor-element elementor-element-ddafce8 elementor-section-boxed elementor-section-height-default elementor-section-height-default wpr-particle-no wpr-jarallax-no wpr-parallax-no wpr-sticky-section-no wpr-column-slider-no wpr-equal-height-no\" data-id=\"ddafce8\" data-element_type=\"section\" data-e-type=\"section\">\n\t\t\t\t\t\t<div class=\"elementor-container elementor-column-gap-default\">\n\t\t\t\t\t<div class=\"elementor-column elementor-col-100 elementor-top-column elementor-element elementor-element-3b0f547\" data-id=\"3b0f547\" data-element_type=\"column\" data-e-type=\"column\">\n\t\t\t<div class=\"elementor-widget-wrap elementor-element-populated\">\n\t\t\t\t\t\t<div class=\"elementor-element elementor-element-6b1eb51 elementor-widget elementor-widget-text-editor\" data-id=\"6b1eb51\" data-element_type=\"widget\" data-e-type=\"widget\" data-widget_type=\"text-editor.default\">\n\t\t\t\t<div class=\"elementor-widget-container\">\n\t\t\t\t\t\t\t\t\t<p><b>Bartolfelde.<\/b>\u00a0Einen\u00a0<b>guten Wahlkampfstart\u00a0<\/b>konnte am vergangen Donnerstag (12.08.2021) die \u201e<b>W\u00e4hlergruppe im Rat (WgiR)\u201c<\/b>\u00a0auf dem Sch\u00fctzenplatz in Bartolfelde erleben, denn im Laufe der mehrst\u00fcndigen Veranstaltung konnte die\u00a0<b>Vereinsvorsitzende Julia Wiegand<\/b>\u00a0zusammen mit den\u00a0<b>Orts-und Stadtratskandidaten\u00a0<\/b>sowie dem<b>\u00a0B\u00fcrgermeisterkandidaten Volker Hahn<\/b>\u00a0viele Besucher begr\u00fc\u00dfen.<br \/>W\u00e4hrend das pers\u00f6nliche Gespr\u00e4ch zu vielen kommunalpolitischen Themen und den Zielen der WgiR im Mittelpunkt standen, warfen einige Besucher auch die Frage ein:\u00a0<b><i>\u201eWo denn die beworbenen Erfolge der letzten Jahre vom B\u00fcrgermeister und seiner Partei zu finden sind\u201c<\/i><\/b>. Schnell wurden einige\u00a0<b>Negativbeispiele<\/b>\u00a0angef\u00fchrt, so z.B.\u00a0<i><b>Schlie\u00dfung der Grundschulen und Jugendr\u00e4ume in Bartolfelde und Barbis, desolate Stra\u00dfen in der gesamten Stadtbereich, der Rathausumbau hat schon \u00fcber eine Million verschluckt und ist immer noch nicht fertig, voreiliger Verkauf der KiTa &#8211; Aue f\u00fcr kleines Geld und gleich darauf ein teurer Neubau am A&#8230;. der Welt, alle paar Jahre eine Steuererh\u00f6hung und kein Ende in Sicht, usw., usw.<br \/><\/b><\/i><br \/>Am morgigen Samstag (14.08.2021), m\u00f6chte die W\u00e4hlergruppe im Rat (WgiR) mit den B\u00fcrgern der Stadt ins Gespr\u00e4ch kommen und deren Ideen, Vorschl\u00e4ge, Anregungen und Hinweise f\u00fcr eine k\u00fcnftige b\u00fcrgernahe Kommunalpolitik und f\u00fcr die Stadtplanung aufnehmen. Dazu ist ein \u201eDreierschritt\u201c vorgesehen, der ab 10 Uhr im &#8222;Stadtteil Aue&#8220; im Bereich Gl\u00fcck-Auf-Str.\/Caf\u00e9 Hermann beginnt. Ab 12 Uhr ist der &#8222;Stadtteil Odertal&#8220; an der Reihe und ab 14 Uhr wird dann die WgiR-Mannschaft, die sich aus dem B\u00fcrgermeisterkandidaten Volker Hahn und einige der Kandidaten f\u00fcr den neuen Stadtrat zusammensetzt, im &#8222;Kleinen Kurpark&#8220; sein und gern auch mit Ihnen diskutieren.<\/p>\t\t\t\t\t\t\t\t<\/div>\n\t\t\t\t<\/div>\n\t\t\t\t\t<\/div>\n\t\t<\/div>\n\t\t\t\t\t<\/div>\n\t\t<\/section>\n\t\t\t\t<\/div>\n\t\t","protected":false},"excerpt":{"rendered":"<p>Bartolfelde.&nbsp;Einen&nbsp;guten Wahlkampfstart&nbsp;konnte am vergangen Donnerstag (12.08.2021) die \u201eW\u00e4hlergruppe im Rat (WgiR)\u201c&nbsp;auf dem Sch\u00fctzenplatz in Bartolfelde erleben, denn im Laufe der<\/p>\n","protected":false},"author":1,"featured_media":1180,"comment_status":"closed","ping_status":"open","sticky":false,"template":"","format":"standard","meta":{"colormag_page_container_layout":"default_layout","colormag_page_sidebar_layout":"default_layout","footnotes":""},"categories":[52,148],"tags":[98,95],"class_list":["post-1174","post","type-post","status-publish","format-standard","has-post-thumbnail","hentry","category-52","category-bartolfelde","tag-bartolfelde","tag-kommunalwahl"],"magazineBlocksPostFeaturedMedia":{"thumbnail":"https:\/\/i0.wp.com\/www.wgir.de\/wp-content\/uploads\/2021\/08\/wahlkampf_02.jpg?resize=150%2C150&ssl=1","medium":"https:\/\/i0.wp.com\/www.wgir.de\/wp-content\/uploads\/2021\/08\/wahlkampf_02.jpg?fit=300%2C183&ssl=1","medium_large":"https:\/\/i0.wp.com\/www.wgir.de\/wp-content\/uploads\/2021\/08\/wahlkampf_02.jpg?fit=768%2C469&ssl=1","large":"https:\/\/i0.wp.com\/www.wgir.de\/wp-content\/uploads\/2021\/08\/wahlkampf_02.jpg?fit=800%2C489&ssl=1","1536x1536":"https:\/\/i0.wp.com\/www.wgir.de\/wp-content\/uploads\/2021\/08\/wahlkampf_02.jpg?fit=1493%2C912&ssl=1","2048x2048":"https:\/\/i0.wp.com\/www.wgir.de\/wp-content\/uploads\/2021\/08\/wahlkampf_02.jpg?fit=1493%2C912&ssl=1","colormag-highlighted-post":"https:\/\/i0.wp.com\/www.wgir.de\/wp-content\/uploads\/2021\/08\/wahlkampf_02.jpg?resize=392%2C272&ssl=1","colormag-featured-post-medium":"https:\/\/i0.wp.com\/www.wgir.de\/wp-content\/uploads\/2021\/08\/wahlkampf_02.jpg?resize=390%2C205&ssl=1","colormag-featured-post-small":"https:\/\/i0.wp.com\/www.wgir.de\/wp-content\/uploads\/2021\/08\/wahlkampf_02.jpg?resize=130%2C90&ssl=1","colormag-featured-image":"https:\/\/i0.wp.com\/www.wgir.de\/wp-content\/uploads\/2021\/08\/wahlkampf_02.jpg?resize=800%2C445&ssl=1","colormag-default-news":"https:\/\/i0.wp.com\/www.wgir.de\/wp-content\/uploads\/2021\/08\/wahlkampf_02.jpg?resize=150%2C150&ssl=1","colormag-featured-image-large":"https:\/\/i0.wp.com\/www.wgir.de\/wp-content\/uploads\/2021\/08\/wahlkampf_02.jpg?resize=1400%2C600&ssl=1","colormag-elementor-block-extra-large-thumbnail":"https:\/\/i0.wp.com\/www.wgir.de\/wp-content\/uploads\/2021\/08\/wahlkampf_02.jpg?resize=1155%2C480&ssl=1","colormag-elementor-grid-large-thumbnail":"https:\/\/i0.wp.com\/www.wgir.de\/wp-content\/uploads\/2021\/08\/wahlkampf_02.jpg?resize=600%2C417&ssl=1","colormag-elementor-grid-small-thumbnail":"https:\/\/i0.wp.com\/www.wgir.de\/wp-content\/uploads\/2021\/08\/wahlkampf_02.jpg?resize=285%2C450&ssl=1","colormag-elementor-grid-medium-large-thumbnail":"https:\/\/i0.wp.com\/www.wgir.de\/wp-content\/uploads\/2021\/08\/wahlkampf_02.jpg?resize=575%2C198&ssl=1"},"magazineBlocksPostAuthor":{"name":"Homepage webmaster","avatar":"https:\/\/secure.gravatar.com\/avatar\/6f96ca7c0487a8f61b8f75f39df16ab2d64a4669b827b479e37fe76a80a4c6d8?s=96&d=mm&r=g"},"magazineBlocksPostCommentsNumber":false,"magazineBlocksPostExcerpt":"Bartolfelde.&nbsp;Einen&nbsp;guten Wahlkampfstart&nbsp;konnte am vergangen Donnerstag (12.08.2021) die \u201eW\u00e4hlergruppe im Rat (WgiR)\u201c&nbsp;auf dem Sch\u00fctzenplatz in Bartolfelde erleben, denn im Laufe der","magazineBlocksPostCategories":["2021","Bartolfelde"],"magazineBlocksPostViewCount":45,"magazineBlocksPostReadTime":2,"magazine_blocks_featured_image_url":{"full":["https:\/\/i0.wp.com\/www.wgir.de\/wp-content\/uploads\/2021\/08\/wahlkampf_02.jpg?fit=1493%2C912&ssl=1",1493,912,false],"medium":["https:\/\/i0.wp.com\/www.wgir.de\/wp-content\/uploads\/2021\/08\/wahlkampf_02.jpg?fit=300%2C183&ssl=1",300,183,true],"thumbnail":["https:\/\/i0.wp.com\/www.wgir.de\/wp-content\/uploads\/2021\/08\/wahlkampf_02.jpg?resize=150%2C150&ssl=1",150,150,true]},"magazine_blocks_author":{"display_name":"Homepage webmaster","author_link":"https:\/\/www.wgir.de\/?author=1"},"magazine_blocks_comment":0,"magazine_blocks_author_image":"https:\/\/secure.gravatar.com\/avatar\/6f96ca7c0487a8f61b8f75f39df16ab2d64a4669b827b479e37fe76a80a4c6d8?s=96&d=mm&r=g","magazine_blocks_category":"<a href=\"#\" class=\"category-link category-link-52\">2021<\/a> <a href=\"#\" class=\"category-link category-link-148\">Bartolfelde<\/a>","videoUrl":"","_links":{"self":[{"href":"https:\/\/www.wgir.de\/index.php?rest_route=\/wp\/v2\/posts\/1174","targetHints":{"allow":["GET"]}}],"collection":[{"href":"https:\/\/www.wgir.de\/index.php?rest_route=\/wp\/v2\/posts"}],"about":[{"href":"https:\/\/www.wgir.de\/index.php?rest_route=\/wp\/v2\/types\/post"}],"author":[{"embeddable":true,"href":"https:\/\/www.wgir.de\/index.php?rest_route=\/wp\/v2\/users\/1"}],"replies":[{"embeddable":true,"href":"https:\/\/www.wgir.de\/index.php?rest_route=%2Fwp%2Fv2%2Fcomments&post=1174"}],"version-history":[{"count":0,"href":"https:\/\/www.wgir.de\/index.php?rest_route=\/wp\/v2\/posts\/1174\/revisions"}],"wp:featuredmedia":[{"embeddable":true,"href":"https:\/\/www.wgir.de\/index.php?rest_route=\/wp\/v2\/media\/1180"}],"wp:attachment":[{"href":"https:\/\/www.wgir.de\/index.php?rest_route=%2Fwp%2Fv2%2Fmedia&parent=1174"}],"wp:term":[{"taxonomy":"category","embeddable":true,"href":"https:\/\/www.wgir.de\/index.php?rest_route=%2Fwp%2Fv2%2Fcategories&post=1174"},{"taxonomy":"post_tag","embeddable":true,"href":"https:\/\/www.wgir.de\/index.php?rest_route=%2Fwp%2Fv2%2Ftags&post=1174"}],"curies":[{"name":"wp","href":"https:\/\/api.w.org\/{rel}","templated":true}]}}